{"id":1992,"date":"2020-06-10T10:23:31","date_gmt":"2020-06-10T08:23:31","guid":{"rendered":"https:\/\/www.visitcinqueterre.eu\/?p=1992"},"modified":"2020-06-19T11:07:51","modified_gmt":"2020-06-19T09:07:51","slug":"vernazza-storia-e-monumenti","status":"publish","type":"post","link":"https:\/\/www.visitcinqueterre.eu\/fr\/2020\/06\/10\/vernazza-storia-e-monumenti\/","title":{"rendered":"Vernazza, histoire et monuments"},"content":{"rendered":"\n<p>Vernazza est le quatri\u00e8me village \u00e0 partir de l&rsquo;est et le village de \u00a0<strong><a href=\"https:\/\/www.visitcinqueterre.eu\/2020\/06\/09\/corniglia-storia-e-monumenti\/?lang=fr\" target=\"_blank\" rel=\"noreferrer noopener\">Corniglia<\/a><\/strong> d\u00e9pend de son administration municipale. Premier village des <strong>Cinque Terre<\/strong>, le <em>castrum Vernatio<\/em> est d\u00e9j\u00e0 mentionn\u00e9 dans un acte des Obertenghi en 1080, et l&rsquo;\u00e9tymologie du nom d\u00e9rive des adjectifs <em>verna<\/em> ou du lieu, tandis que de Vernazza d\u00e9rive le vin Vernaccia, qui produit \u00e0 Corniglia a pris cependant la nom de son port d&#8217;embarquement.<\/p>\n\n<figure class=\"wp-block-image size-large\"><img fetchpriority=\"high\" decoding=\"async\" width=\"1024\" height=\"683\" src=\"https:\/\/www.visitcinqueterre.eu\/wp-content\/uploads\/2020\/05\/IMG_3917-1024x683.jpg\" alt=\"Vernazza\" class=\"wp-image-939\" srcset=\"https:\/\/www.visitcinqueterre.eu\/wp-content\/uploads\/2020\/05\/IMG_3917-1024x683.jpg 1024w, https:\/\/www.visitcinqueterre.eu\/wp-content\/uploads\/2020\/05\/IMG_3917-300x200.jpg 300w, https:\/\/www.visitcinqueterre.eu\/wp-content\/uploads\/2020\/05\/IMG_3917-768x512.jpg 768w, https:\/\/www.visitcinqueterre.eu\/wp-content\/uploads\/2020\/05\/IMG_3917-1536x1024.jpg 1536w, https:\/\/www.visitcinqueterre.eu\/wp-content\/uploads\/2020\/05\/IMG_3917.jpg 1920w\" sizes=\"(max-width: 1024px) 100vw, 1024px\" \/><\/figure>\n<h2 class=\"wp-block-heading\">L&rsquo;histoire<\/h2>\n\n<p>La colonie s&rsquo;est d\u00e9velopp\u00e9e avec le d\u00e9placement en aval des habitants de <strong>Reggio<\/strong> vers 1016, apr\u00e8s la derni\u00e8re exp\u00e9dition pisano-g\u00e9noise \u00e0 l&rsquo;appui de la Sardaigne pour repousser les Sarrasins. Vernazza \u00e9tait la base maritime des Obertenghi, seigneurs du village jusqu&rsquo;au XIIe si\u00e8cle entier, lorsque la R\u00e9publique de G\u00eanes en fit une base maritime commerciale en 1209, le d\u00e9crivant comme un fief du Da Passano d&rsquo;abord et des Fieschi par la suite.<\/p>\n\n<p>G\u00eanes a construit \u00e0 la fois un port fortifi\u00e9 pour le d\u00e9barquement de ses gal\u00e8res et un chantier naval pour leur r\u00e9paration. Il ne reste que quelques parties des murs, clairement visibles lorsque vous arrivez \u00e0 pied de Corniglia, le long du chemin SVA, tandis que les tours de guet et Belforte ont \u00e9t\u00e9 restaur\u00e9es.<\/p>\n\n<p>Sous la domination napol\u00e9onienne \u00e0 partir de la fin de 1797, Vernazza fut annex\u00e9e au d\u00e9partement du <em>Golfe de V\u00e9nus<\/em>, dont elle fut la capitale apr\u00e8s La Spezia et avant d&rsquo;\u00eatre ins\u00e9r\u00e9e dans le d\u00e9partement des Apennins avec le premier empire de France. \u00c0 partir de 1815, il est devenu une partie du Royaume de Sardaigne, jusqu&rsquo;\u00e0 la cr\u00e9ation du Royaume d&rsquo;Italie en 1861.<\/p>\n\n<figure class=\"wp-block-gallery columns-3 is-cropped wp-block-gallery-1 is-layout-flex wp-block-gallery-is-layout-flex\"><ul class=\"blocks-gallery-grid\"><li class=\"blocks-gallery-item\"><figure><img decoding=\"async\" width=\"1024\" height=\"683\" src=\"https:\/\/www.visitcinqueterre.eu\/wp-content\/uploads\/2020\/05\/IMG_3920-1024x683.jpg\" alt=\"Vernazza\" data-id=\"942\" data-full-url=\"https:\/\/www.visitcinqueterre.eu\/wp-content\/uploads\/2020\/05\/IMG_3920.jpg\" data-link=\"https:\/\/www.visitcinqueterre.eu\/img_3920\/\" class=\"wp-image-942\" srcset=\"https:\/\/www.visitcinqueterre.eu\/wp-content\/uploads\/2020\/05\/IMG_3920-1024x683.jpg 1024w, https:\/\/www.visitcinqueterre.eu\/wp-content\/uploads\/2020\/05\/IMG_3920-300x200.jpg 300w, https:\/\/www.visitcinqueterre.eu\/wp-content\/uploads\/2020\/05\/IMG_3920-768x512.jpg 768w, https:\/\/www.visitcinqueterre.eu\/wp-content\/uploads\/2020\/05\/IMG_3920-1536x1024.jpg 1536w, https:\/\/www.visitcinqueterre.eu\/wp-content\/uploads\/2020\/05\/IMG_3920.jpg 1920w\" sizes=\"(max-width: 1024px) 100vw, 1024px\" \/><\/figure><\/li><li class=\"blocks-gallery-item\"><figure><img decoding=\"async\" width=\"1024\" height=\"477\" src=\"https:\/\/www.visitcinqueterre.eu\/wp-content\/uploads\/2020\/05\/DSC_8938-1-1024x477.jpg\" alt=\"Vernazza\" data-id=\"804\" data-full-url=\"https:\/\/www.visitcinqueterre.eu\/wp-content\/uploads\/2020\/05\/DSC_8938-1.jpg\" data-link=\"https:\/\/www.visitcinqueterre.eu\/italy-liguria-cinque-terre-the-village-of-vernazza-in-the-eve\/\" class=\"wp-image-804\" srcset=\"https:\/\/www.visitcinqueterre.eu\/wp-content\/uploads\/2020\/05\/DSC_8938-1-1024x477.jpg 1024w, https:\/\/www.visitcinqueterre.eu\/wp-content\/uploads\/2020\/05\/DSC_8938-1-300x140.jpg 300w, https:\/\/www.visitcinqueterre.eu\/wp-content\/uploads\/2020\/05\/DSC_8938-1-768x358.jpg 768w, https:\/\/www.visitcinqueterre.eu\/wp-content\/uploads\/2020\/05\/DSC_8938-1-1536x716.jpg 1536w, https:\/\/www.visitcinqueterre.eu\/wp-content\/uploads\/2020\/05\/DSC_8938-1-600x280.jpg 600w, https:\/\/www.visitcinqueterre.eu\/wp-content\/uploads\/2020\/05\/DSC_8938-1.jpg 1920w\" sizes=\"(max-width: 1024px) 100vw, 1024px\" \/><\/figure><\/li><li class=\"blocks-gallery-item\"><figure><img loading=\"lazy\" decoding=\"async\" width=\"685\" height=\"1024\" src=\"https:\/\/www.visitcinqueterre.eu\/wp-content\/uploads\/2020\/05\/neve-2009-016-685x1024.jpg\" alt=\"Vernazza\" data-id=\"1776\" data-full-url=\"https:\/\/www.visitcinqueterre.eu\/wp-content\/uploads\/2020\/05\/neve-2009-016.jpg\" data-link=\"https:\/\/www.visitcinqueterre.eu\/ombrelloni\/\" class=\"wp-image-1776\" srcset=\"https:\/\/www.visitcinqueterre.eu\/wp-content\/uploads\/2020\/05\/neve-2009-016-685x1024.jpg 685w, https:\/\/www.visitcinqueterre.eu\/wp-content\/uploads\/2020\/05\/neve-2009-016-201x300.jpg 201w, https:\/\/www.visitcinqueterre.eu\/wp-content\/uploads\/2020\/05\/neve-2009-016-768x1148.jpg 768w, https:\/\/www.visitcinqueterre.eu\/wp-content\/uploads\/2020\/05\/neve-2009-016-1028x1536.jpg 1028w, https:\/\/www.visitcinqueterre.eu\/wp-content\/uploads\/2020\/05\/neve-2009-016.jpg 1285w\" sizes=\"(max-width: 685px) 100vw, 685px\" \/><\/figure><\/li><li class=\"blocks-gallery-item\"><figure><img loading=\"lazy\" decoding=\"async\" width=\"1024\" height=\"681\" src=\"https:\/\/www.visitcinqueterre.eu\/wp-content\/uploads\/2020\/05\/panorami__18-1024x681.jpg\" alt=\"Vernazza\" data-id=\"1779\" data-full-url=\"https:\/\/www.visitcinqueterre.eu\/wp-content\/uploads\/2020\/05\/panorami__18.jpg\" data-link=\"https:\/\/www.visitcinqueterre.eu\/panorami__18\/\" class=\"wp-image-1779\" srcset=\"https:\/\/www.visitcinqueterre.eu\/wp-content\/uploads\/2020\/05\/panorami__18-1024x681.jpg 1024w, https:\/\/www.visitcinqueterre.eu\/wp-content\/uploads\/2020\/05\/panorami__18-300x200.jpg 300w, https:\/\/www.visitcinqueterre.eu\/wp-content\/uploads\/2020\/05\/panorami__18-768x511.jpg 768w, https:\/\/www.visitcinqueterre.eu\/wp-content\/uploads\/2020\/05\/panorami__18-1536x1022.jpg 1536w, https:\/\/www.visitcinqueterre.eu\/wp-content\/uploads\/2020\/05\/panorami__18.jpg 1920w\" sizes=\"(max-width: 1024px) 100vw, 1024px\" \/><\/figure><\/li><\/ul><\/figure>\n<h2 class=\"wp-block-heading\">Que voir \u00e0 Vernazza<\/h2>\n\n<p>Le village serpente autour de Via Roma, r\u00e9sultat de la couverture du ruisseau, d&rsquo;o\u00f9 se ramifient des branches de carrugi et des escaliers tr\u00e8s verticaux.<\/p>\n\n<p>Atteint la place principale, Piazza Marconi, consacrez du temps \u00e0 l&rsquo;<strong>\u00e9glise paroissiale de Santa Margherita d&rsquo;Antiochia<\/strong>, dont les fondations ont \u00e9t\u00e9 pos\u00e9es directement sur la falaise en 1318, mais dont les variations et extensions se sont poursuivies jusqu&rsquo;\u00e0 la fin du XVIIe si\u00e8cle.<\/p>\n\n<p>De style gothique ligure, l&rsquo;\u00e9glise d\u00e9di\u00e9e au saint patron de la ville pr\u00e9sente les signes des ouvriers de l&rsquo;\u00e9cole des Antelami et de ses fen\u00eatres \u00e0 meneaux vous avez une vue tr\u00e8s suggestive sur la jet\u00e9e et le bastion g\u00e9nois <em>Belforte<\/em>. Tr\u00e8s particulier le clocher \u00e0 base octogonale avec balcon.<\/p>\n\n<p>De l&rsquo;autre c\u00f4t\u00e9 se dresse le <strong>ch\u00e2teau de Doria<\/strong>, la forteresse d\u00e9fensive construite par les Obertenghi en 1056 puis d\u00e9velopp\u00e9e et agrandie par G\u00eanes. Nous vous conseillons de monter au ch\u00e2teau, ne serait-ce que pour d\u00e9couvrir le c\u0153ur des ruelles du village et profiter du panorama \u00e0 360 \u00b0 que vous obtenez en grimpant au sommet de la tour.<\/p>\n\n<p>De la tour, vous remarquerez \u00e9galement la <strong>Torrione<\/strong> de l&rsquo;autre c\u00f4t\u00e9 du golfe et l&rsquo;\u00e9glise du<strong> couvent de San Francesco<\/strong>, aujourd&rsquo;hui si\u00e8ge de l&rsquo;administration municipale, mais dont le clo\u00eetre est souvent ouvert et peut \u00eatre visit\u00e9.<\/p>\n","protected":false},"excerpt":{"rendered":"<p>Vernazza est le quatri\u00e8me village \u00e0 partir de l&rsquo;est et le village de \u00a0Corniglia d\u00e9pend de son administration municipale. Premier village des Cinque Terre, le castrum Vernatio est d\u00e9j\u00e0 mentionn\u00e9 dans un acte des Obertenghi en 1080, et l&rsquo;\u00e9tymologie du nom d\u00e9rive des adjectifs verna ou du lieu, tandis que de Vernazza d\u00e9rive le vin [&hellip;]<\/p>\n","protected":false},"author":2,"featured_media":1784,"comment_status":"open","ping_status":"open","sticky":false,"template":"","format":"standard","meta":{"_acf_changed":false,"footnotes":""},"categories":[29,54,52,56],"tags":[],"class_list":["post-1992","post","type-post","status-publish","format-standard","has-post-thumbnail","hentry","category-cinque-terre-fr","category-visite-en-groupe","category-en-journee","category-voyageur-autonome"],"acf":[],"yoast_head":"<!-- This site is optimized with the Yoast SEO plugin v26.6 - https:\/\/yoast.com\/wordpress\/plugins\/seo\/ -->\n<title>Vernazza, un ancien port g\u00e9nois et deuxi\u00e8me des Cinque Terre \u00e0 partir de l&#039;ouest<\/title>\n<meta name=\"description\" content=\"Vernazza, ancien port g\u00e9nois et deuxi\u00e8me des Cinque Terre \u00e0 partir de l&#039;ouest, aujourd&#039;hui \u00e9galement c\u00e9l\u00e8bre pour sa pittoresque place sur la mer.\" \/>\n<meta name=\"robots\" content=\"index, follow, max-snippet:-1, max-image-preview:large, max-video-preview:-1\" \/>\n<link rel=\"canonical\" href=\"https:\/\/www.visitcinqueterre.eu\/fr\/2020\/06\/10\/vernazza-storia-e-monumenti\/\" \/>\n<meta property=\"og:locale\" content=\"fr_FR\" \/>\n<meta property=\"og:type\" content=\"article\" \/>\n<meta property=\"og:title\" content=\"Vernazza, un ancien port g\u00e9nois et deuxi\u00e8me des Cinque Terre \u00e0 partir de l&#039;ouest\" \/>\n<meta property=\"og:description\" content=\"Vernazza, ancien port g\u00e9nois et deuxi\u00e8me des Cinque Terre \u00e0 partir de l&#039;ouest, aujourd&#039;hui \u00e9galement c\u00e9l\u00e8bre pour sa pittoresque place sur la mer.\" \/>\n<meta property=\"og:url\" content=\"https:\/\/www.visitcinqueterre.eu\/fr\/2020\/06\/10\/vernazza-storia-e-monumenti\/\" \/>\n<meta property=\"og:site_name\" content=\"Visit Cinque Terre\" \/>\n<meta property=\"article:published_time\" content=\"2020-06-10T08:23:31+00:00\" \/>\n<meta property=\"article:modified_time\" content=\"2020-06-19T09:07:51+00:00\" \/>\n<meta property=\"og:image\" content=\"https:\/\/www.visitcinqueterre.eu\/wp-content\/uploads\/2020\/05\/IMG_3917.jpg\" \/>\n<meta name=\"author\" content=\"Silvia Moggia\" \/>\n<meta name=\"twitter:card\" content=\"summary_large_image\" \/>\n<meta name=\"twitter:title\" content=\"Vernazza, histoire et monuments\" \/>\n<meta name=\"twitter:description\" content=\"Vernazza, ancien port g\u00e9nois et deuxi\u00e8me des Cinque Terre \u00e0 partir de l&#039;ouest, aujourd&#039;hui \u00e9galement c\u00e9l\u00e8bre pour sa pittoresque place sur la mer.\" \/>\n<meta name=\"twitter:image\" content=\"https:\/\/www.visitcinqueterre.eu\/wp-content\/uploads\/2020\/05\/IMG_3917.jpg\" \/>\n<meta name=\"twitter:label1\" content=\"\u00c9crit par\" \/>\n\t<meta name=\"twitter:data1\" content=\"Silvia Moggia\" \/>\n\t<meta name=\"twitter:label2\" content=\"Dur\u00e9e de lecture estim\u00e9e\" \/>\n\t<meta name=\"twitter:data2\" content=\"3 minutes\" \/>\n<script type=\"application\/ld+json\" class=\"yoast-schema-graph\">{\"@context\":\"https:\/\/schema.org\",\"@graph\":[{\"@type\":\"WebPage\",\"@id\":\"https:\/\/www.visitcinqueterre.eu\/fr\/2020\/06\/10\/vernazza-storia-e-monumenti\/\",\"url\":\"https:\/\/www.visitcinqueterre.eu\/fr\/2020\/06\/10\/vernazza-storia-e-monumenti\/\",\"name\":\"Vernazza, un ancien port g\u00e9nois et deuxi\u00e8me des Cinque Terre \u00e0 partir de l'ouest\",\"isPartOf\":{\"@id\":\"https:\/\/www.visitcinqueterre.eu\/fr\/#website\"},\"primaryImageOfPage\":{\"@id\":\"https:\/\/www.visitcinqueterre.eu\/fr\/2020\/06\/10\/vernazza-storia-e-monumenti\/#primaryimage\"},\"image\":{\"@id\":\"https:\/\/www.visitcinqueterre.eu\/fr\/2020\/06\/10\/vernazza-storia-e-monumenti\/#primaryimage\"},\"thumbnailUrl\":\"https:\/\/www.visitcinqueterre.eu\/wp-content\/uploads\/2020\/05\/Paolo-Marchi-1.jpg\",\"datePublished\":\"2020-06-10T08:23:31+00:00\",\"dateModified\":\"2020-06-19T09:07:51+00:00\",\"author\":{\"@id\":\"https:\/\/www.visitcinqueterre.eu\/fr\/#\/schema\/person\/1353ee9f1981b0df26b5ef9393cfa394\"},\"description\":\"Vernazza, ancien port g\u00e9nois et deuxi\u00e8me des Cinque Terre \u00e0 partir de l'ouest, aujourd'hui \u00e9galement c\u00e9l\u00e8bre pour sa pittoresque place sur la mer.\",\"breadcrumb\":{\"@id\":\"https:\/\/www.visitcinqueterre.eu\/fr\/2020\/06\/10\/vernazza-storia-e-monumenti\/#breadcrumb\"},\"inLanguage\":\"fr-FR\",\"potentialAction\":[{\"@type\":\"ReadAction\",\"target\":[\"https:\/\/www.visitcinqueterre.eu\/fr\/2020\/06\/10\/vernazza-storia-e-monumenti\/\"]}]},{\"@type\":\"ImageObject\",\"inLanguage\":\"fr-FR\",\"@id\":\"https:\/\/www.visitcinqueterre.eu\/fr\/2020\/06\/10\/vernazza-storia-e-monumenti\/#primaryimage\",\"url\":\"https:\/\/www.visitcinqueterre.eu\/wp-content\/uploads\/2020\/05\/Paolo-Marchi-1.jpg\",\"contentUrl\":\"https:\/\/www.visitcinqueterre.eu\/wp-content\/uploads\/2020\/05\/Paolo-Marchi-1.jpg\",\"width\":1920,\"height\":1280,\"caption\":\"Vernazza\"},{\"@type\":\"BreadcrumbList\",\"@id\":\"https:\/\/www.visitcinqueterre.eu\/fr\/2020\/06\/10\/vernazza-storia-e-monumenti\/#breadcrumb\",\"itemListElement\":[{\"@type\":\"ListItem\",\"position\":1,\"name\":\"Home\",\"item\":\"https:\/\/www.visitcinqueterre.eu\/fr\/\"},{\"@type\":\"ListItem\",\"position\":2,\"name\":\"Vernazza, histoire et monuments\"}]},{\"@type\":\"WebSite\",\"@id\":\"https:\/\/www.visitcinqueterre.eu\/fr\/#website\",\"url\":\"https:\/\/www.visitcinqueterre.eu\/fr\/\",\"name\":\"Visit Cinque Terre\",\"description\":\"Portale turistico delle Cinque Terre\",\"potentialAction\":[{\"@type\":\"SearchAction\",\"target\":{\"@type\":\"EntryPoint\",\"urlTemplate\":\"https:\/\/www.visitcinqueterre.eu\/fr\/?s={search_term_string}\"},\"query-input\":{\"@type\":\"PropertyValueSpecification\",\"valueRequired\":true,\"valueName\":\"search_term_string\"}}],\"inLanguage\":\"fr-FR\"},{\"@type\":\"Person\",\"@id\":\"https:\/\/www.visitcinqueterre.eu\/fr\/#\/schema\/person\/1353ee9f1981b0df26b5ef9393cfa394\",\"name\":\"Silvia Moggia\",\"image\":{\"@type\":\"ImageObject\",\"inLanguage\":\"fr-FR\",\"@id\":\"https:\/\/www.visitcinqueterre.eu\/fr\/#\/schema\/person\/image\/\",\"url\":\"https:\/\/secure.gravatar.com\/avatar\/fb32219336ec46400211cc38a11d2b626c77612e4ea5045fdb2f5d260ebc83ee?s=96&d=mm&r=g\",\"contentUrl\":\"https:\/\/secure.gravatar.com\/avatar\/fb32219336ec46400211cc38a11d2b626c77612e4ea5045fdb2f5d260ebc83ee?s=96&d=mm&r=g\",\"caption\":\"Silvia Moggia\"},\"url\":\"https:\/\/www.visitcinqueterre.eu\/fr\/author\/silvia-moggia\/\"}]}<\/script>\n<!-- \/ Yoast SEO plugin. -->","yoast_head_json":{"title":"Vernazza, un ancien port g\u00e9nois et deuxi\u00e8me des Cinque Terre \u00e0 partir de l'ouest","description":"Vernazza, ancien port g\u00e9nois et deuxi\u00e8me des Cinque Terre \u00e0 partir de l'ouest, aujourd'hui \u00e9galement c\u00e9l\u00e8bre pour sa pittoresque place sur la mer.","robots":{"index":"index","follow":"follow","max-snippet":"max-snippet:-1","max-image-preview":"max-image-preview:large","max-video-preview":"max-video-preview:-1"},"canonical":"https:\/\/www.visitcinqueterre.eu\/fr\/2020\/06\/10\/vernazza-storia-e-monumenti\/","og_locale":"fr_FR","og_type":"article","og_title":"Vernazza, un ancien port g\u00e9nois et deuxi\u00e8me des Cinque Terre \u00e0 partir de l'ouest","og_description":"Vernazza, ancien port g\u00e9nois et deuxi\u00e8me des Cinque Terre \u00e0 partir de l'ouest, aujourd'hui \u00e9galement c\u00e9l\u00e8bre pour sa pittoresque place sur la mer.","og_url":"https:\/\/www.visitcinqueterre.eu\/fr\/2020\/06\/10\/vernazza-storia-e-monumenti\/","og_site_name":"Visit Cinque Terre","article_published_time":"2020-06-10T08:23:31+00:00","article_modified_time":"2020-06-19T09:07:51+00:00","og_image":[{"url":"https:\/\/www.visitcinqueterre.eu\/wp-content\/uploads\/2020\/05\/IMG_3917.jpg","type":"","width":"","height":""}],"author":"Silvia Moggia","twitter_card":"summary_large_image","twitter_title":"Vernazza, histoire et monuments","twitter_description":"Vernazza, ancien port g\u00e9nois et deuxi\u00e8me des Cinque Terre \u00e0 partir de l'ouest, aujourd'hui \u00e9galement c\u00e9l\u00e8bre pour sa pittoresque place sur la mer.","twitter_image":"https:\/\/www.visitcinqueterre.eu\/wp-content\/uploads\/2020\/05\/IMG_3917.jpg","twitter_misc":{"\u00c9crit par":"Silvia Moggia","Dur\u00e9e de lecture estim\u00e9e":"3 minutes"},"schema":{"@context":"https:\/\/schema.org","@graph":[{"@type":"WebPage","@id":"https:\/\/www.visitcinqueterre.eu\/fr\/2020\/06\/10\/vernazza-storia-e-monumenti\/","url":"https:\/\/www.visitcinqueterre.eu\/fr\/2020\/06\/10\/vernazza-storia-e-monumenti\/","name":"Vernazza, un ancien port g\u00e9nois et deuxi\u00e8me des Cinque Terre \u00e0 partir de l'ouest","isPartOf":{"@id":"https:\/\/www.visitcinqueterre.eu\/fr\/#website"},"primaryImageOfPage":{"@id":"https:\/\/www.visitcinqueterre.eu\/fr\/2020\/06\/10\/vernazza-storia-e-monumenti\/#primaryimage"},"image":{"@id":"https:\/\/www.visitcinqueterre.eu\/fr\/2020\/06\/10\/vernazza-storia-e-monumenti\/#primaryimage"},"thumbnailUrl":"https:\/\/www.visitcinqueterre.eu\/wp-content\/uploads\/2020\/05\/Paolo-Marchi-1.jpg","datePublished":"2020-06-10T08:23:31+00:00","dateModified":"2020-06-19T09:07:51+00:00","author":{"@id":"https:\/\/www.visitcinqueterre.eu\/fr\/#\/schema\/person\/1353ee9f1981b0df26b5ef9393cfa394"},"description":"Vernazza, ancien port g\u00e9nois et deuxi\u00e8me des Cinque Terre \u00e0 partir de l'ouest, aujourd'hui \u00e9galement c\u00e9l\u00e8bre pour sa pittoresque place sur la mer.","breadcrumb":{"@id":"https:\/\/www.visitcinqueterre.eu\/fr\/2020\/06\/10\/vernazza-storia-e-monumenti\/#breadcrumb"},"inLanguage":"fr-FR","potentialAction":[{"@type":"ReadAction","target":["https:\/\/www.visitcinqueterre.eu\/fr\/2020\/06\/10\/vernazza-storia-e-monumenti\/"]}]},{"@type":"ImageObject","inLanguage":"fr-FR","@id":"https:\/\/www.visitcinqueterre.eu\/fr\/2020\/06\/10\/vernazza-storia-e-monumenti\/#primaryimage","url":"https:\/\/www.visitcinqueterre.eu\/wp-content\/uploads\/2020\/05\/Paolo-Marchi-1.jpg","contentUrl":"https:\/\/www.visitcinqueterre.eu\/wp-content\/uploads\/2020\/05\/Paolo-Marchi-1.jpg","width":1920,"height":1280,"caption":"Vernazza"},{"@type":"BreadcrumbList","@id":"https:\/\/www.visitcinqueterre.eu\/fr\/2020\/06\/10\/vernazza-storia-e-monumenti\/#breadcrumb","itemListElement":[{"@type":"ListItem","position":1,"name":"Home","item":"https:\/\/www.visitcinqueterre.eu\/fr\/"},{"@type":"ListItem","position":2,"name":"Vernazza, histoire et monuments"}]},{"@type":"WebSite","@id":"https:\/\/www.visitcinqueterre.eu\/fr\/#website","url":"https:\/\/www.visitcinqueterre.eu\/fr\/","name":"Visit Cinque Terre","description":"Portale turistico delle Cinque Terre","potentialAction":[{"@type":"SearchAction","target":{"@type":"EntryPoint","urlTemplate":"https:\/\/www.visitcinqueterre.eu\/fr\/?s={search_term_string}"},"query-input":{"@type":"PropertyValueSpecification","valueRequired":true,"valueName":"search_term_string"}}],"inLanguage":"fr-FR"},{"@type":"Person","@id":"https:\/\/www.visitcinqueterre.eu\/fr\/#\/schema\/person\/1353ee9f1981b0df26b5ef9393cfa394","name":"Silvia Moggia","image":{"@type":"ImageObject","inLanguage":"fr-FR","@id":"https:\/\/www.visitcinqueterre.eu\/fr\/#\/schema\/person\/image\/","url":"https:\/\/secure.gravatar.com\/avatar\/fb32219336ec46400211cc38a11d2b626c77612e4ea5045fdb2f5d260ebc83ee?s=96&d=mm&r=g","contentUrl":"https:\/\/secure.gravatar.com\/avatar\/fb32219336ec46400211cc38a11d2b626c77612e4ea5045fdb2f5d260ebc83ee?s=96&d=mm&r=g","caption":"Silvia Moggia"},"url":"https:\/\/www.visitcinqueterre.eu\/fr\/author\/silvia-moggia\/"}]}},"_links":{"self":[{"href":"https:\/\/www.visitcinqueterre.eu\/fr\/wp-json\/wp\/v2\/posts\/1992","targetHints":{"allow":["GET"]}}],"collection":[{"href":"https:\/\/www.visitcinqueterre.eu\/fr\/wp-json\/wp\/v2\/posts"}],"about":[{"href":"https:\/\/www.visitcinqueterre.eu\/fr\/wp-json\/wp\/v2\/types\/post"}],"author":[{"embeddable":true,"href":"https:\/\/www.visitcinqueterre.eu\/fr\/wp-json\/wp\/v2\/users\/2"}],"replies":[{"embeddable":true,"href":"https:\/\/www.visitcinqueterre.eu\/fr\/wp-json\/wp\/v2\/comments?post=1992"}],"version-history":[{"count":5,"href":"https:\/\/www.visitcinqueterre.eu\/fr\/wp-json\/wp\/v2\/posts\/1992\/revisions"}],"predecessor-version":[{"id":3401,"href":"https:\/\/www.visitcinqueterre.eu\/fr\/wp-json\/wp\/v2\/posts\/1992\/revisions\/3401"}],"wp:featuredmedia":[{"embeddable":true,"href":"https:\/\/www.visitcinqueterre.eu\/fr\/wp-json\/wp\/v2\/media\/1784"}],"wp:attachment":[{"href":"https:\/\/www.visitcinqueterre.eu\/fr\/wp-json\/wp\/v2\/media?parent=1992"}],"wp:term":[{"taxonomy":"category","embeddable":true,"href":"https:\/\/www.visitcinqueterre.eu\/fr\/wp-json\/wp\/v2\/categories?post=1992"},{"taxonomy":"post_tag","embeddable":true,"href":"https:\/\/www.visitcinqueterre.eu\/fr\/wp-json\/wp\/v2\/tags?post=1992"}],"curies":[{"name":"wp","href":"https:\/\/api.w.org\/{rel}","templated":true}]}}