{"id":3959,"date":"2020-07-14T12:16:57","date_gmt":"2020-07-14T10:16:57","guid":{"rendered":"https:\/\/www.visitcinqueterre.eu\/?p=3959"},"modified":"2020-07-16T08:12:06","modified_gmt":"2020-07-16T06:12:06","slug":"manaearte","status":"publish","type":"post","link":"https:\/\/www.visitcinqueterre.eu\/fr\/2020\/07\/14\/manaearte\/","title":{"rendered":"Mana\u00e8arte, une exposition collective"},"content":{"rendered":"\n<p><strong>Mana\u00e8arte<\/strong> est de retour !<\/p>\n\n\n\n<p>\u00c0 l&rsquo;Oratorio dei Disciplinati de <strong><a href=\"https:\/\/www.visitcinqueterre.eu\/fr\/2020\/06\/10\/manarola-storia-e-monumenti\/\" target=\"_blank\" rel=\"noreferrer noopener\">Manarola<\/a><\/strong>, \u00e9galement connu comme l&rsquo;oratoire de la Santissima Annunziata, la tradition de Mana\u00e8arte est renouvel\u00e9e avec une exposition collective qui rend hommage aux artistes de Manarola et les pr\u00e9sente.<\/p>\n\n\n\n<div class=\"wp-block-image\"><figure class=\"aligncenter size-large\"><img fetchpriority=\"high\" decoding=\"async\" width=\"563\" height=\"805\" src=\"https:\/\/www.visitcinqueterre.eu\/wp-content\/uploads\/2020\/07\/109154929_1014107229044539_3318850676075672473_n.jpg\" alt=\"\" class=\"wp-image-3950\" srcset=\"https:\/\/www.visitcinqueterre.eu\/wp-content\/uploads\/2020\/07\/109154929_1014107229044539_3318850676075672473_n.jpg 563w, https:\/\/www.visitcinqueterre.eu\/wp-content\/uploads\/2020\/07\/109154929_1014107229044539_3318850676075672473_n-210x300.jpg 210w\" sizes=\"(max-width: 563px) 100vw, 563px\" \/><\/figure><\/div>\n\n\n\n<p><strong>L&rsquo;exposition s&rsquo;ouvre le samedi 18 juillet \u00e0 18h et sera ouverte tous les jours jusqu&rsquo;au 26 juillet, de 16h \u00e0 19h.<\/strong> Pendant l&rsquo;ouverture de l&rsquo;exposition vous pourrez \u00e9galement visiter l&rsquo;ancien moulin restaur\u00e9 ! <\/p>\n\n\n\n<p>L&rsquo;oratoire, construit au XVe si\u00e8cle, est situ\u00e9 sur la Piazza Innocenzo IV, la place principale dans la partie sup\u00e9rieure de Manarola, pr\u00e8s du clocher et de l&rsquo;\u00e9glise de San Lorenzo, que nous vous invitons \u00e0 visiter.<\/p>\n\n\n\n<figure class=\"wp-block-gallery aligncenter columns-3 is-cropped wp-block-gallery-1 is-layout-flex wp-block-gallery-is-layout-flex\"><ul class=\"blocks-gallery-grid\"><li class=\"blocks-gallery-item\"><figure><img decoding=\"async\" width=\"800\" height=\"600\" src=\"https:\/\/www.visitcinqueterre.eu\/wp-content\/uploads\/2020\/07\/108005288_602218407343191_4330572706707931846_n.jpg\" alt=\"Mana\u00e8arte, l'exposition collective des artistes de Manarola\" data-id=\"3953\" data-full-url=\"https:\/\/www.visitcinqueterre.eu\/wp-content\/uploads\/2020\/07\/108005288_602218407343191_4330572706707931846_n.jpg\" data-link=\"https:\/\/www.visitcinqueterre.eu\/fr\/2020\/07\/14\/manaearte\/108005288_602218407343191_4330572706707931846_n-2\/\" class=\"wp-image-3953\" srcset=\"https:\/\/www.visitcinqueterre.eu\/wp-content\/uploads\/2020\/07\/108005288_602218407343191_4330572706707931846_n.jpg 800w, https:\/\/www.visitcinqueterre.eu\/wp-content\/uploads\/2020\/07\/108005288_602218407343191_4330572706707931846_n-300x225.jpg 300w, https:\/\/www.visitcinqueterre.eu\/wp-content\/uploads\/2020\/07\/108005288_602218407343191_4330572706707931846_n-768x576.jpg 768w\" sizes=\"(max-width: 800px) 100vw, 800px\" \/><\/figure><\/li><li class=\"blocks-gallery-item\"><figure><img decoding=\"async\" width=\"756\" height=\"426\" src=\"https:\/\/www.visitcinqueterre.eu\/wp-content\/uploads\/2020\/07\/107832973_603539213879081_2015326175115947318_n.jpg\" alt=\"Mana\u00e8arte, the collective exhibition of the artists of Manarola\" data-id=\"3966\" data-full-url=\"https:\/\/www.visitcinqueterre.eu\/wp-content\/uploads\/2020\/07\/107832973_603539213879081_2015326175115947318_n.jpg\" data-link=\"https:\/\/www.visitcinqueterre.eu\/fr\/2020\/07\/14\/manaearte\/107832973_603539213879081_2015326175115947318_n-2\/\" class=\"wp-image-3966\" srcset=\"https:\/\/www.visitcinqueterre.eu\/wp-content\/uploads\/2020\/07\/107832973_603539213879081_2015326175115947318_n.jpg 756w, https:\/\/www.visitcinqueterre.eu\/wp-content\/uploads\/2020\/07\/107832973_603539213879081_2015326175115947318_n-300x169.jpg 300w\" sizes=\"(max-width: 756px) 100vw, 756px\" \/><\/figure><\/li><li class=\"blocks-gallery-item\"><figure><img loading=\"lazy\" decoding=\"async\" width=\"768\" height=\"560\" src=\"https:\/\/www.visitcinqueterre.eu\/wp-content\/uploads\/2020\/07\/107893873_1546284102219196_4830530436512879447_n.jpg\" alt=\"Mana\u00e8arte, the collective exhibition of the artists of Manarola\" data-id=\"3969\" data-full-url=\"https:\/\/www.visitcinqueterre.eu\/wp-content\/uploads\/2020\/07\/107893873_1546284102219196_4830530436512879447_n.jpg\" data-link=\"https:\/\/www.visitcinqueterre.eu\/fr\/2020\/07\/14\/manaearte\/107893873_1546284102219196_4830530436512879447_n-2\/\" class=\"wp-image-3969\" srcset=\"https:\/\/www.visitcinqueterre.eu\/wp-content\/uploads\/2020\/07\/107893873_1546284102219196_4830530436512879447_n.jpg 768w, https:\/\/www.visitcinqueterre.eu\/wp-content\/uploads\/2020\/07\/107893873_1546284102219196_4830530436512879447_n-300x219.jpg 300w\" sizes=\"(max-width: 768px) 100vw, 768px\" \/><\/figure><\/li><li class=\"blocks-gallery-item\"><figure><img loading=\"lazy\" decoding=\"async\" width=\"1024\" height=\"630\" src=\"https:\/\/www.visitcinqueterre.eu\/wp-content\/uploads\/2020\/07\/78254908_841464226308841_3519717285231067136_o-1024x630.jpg\" alt=\"\" data-id=\"3989\" data-full-url=\"https:\/\/www.visitcinqueterre.eu\/wp-content\/uploads\/2020\/07\/78254908_841464226308841_3519717285231067136_o.jpg\" data-link=\"https:\/\/www.visitcinqueterre.eu\/fr\/2020\/07\/14\/manaearte\/78254908_841464226308841_3519717285231067136_o-2\/\" class=\"wp-image-3989\" srcset=\"https:\/\/www.visitcinqueterre.eu\/wp-content\/uploads\/2020\/07\/78254908_841464226308841_3519717285231067136_o-1024x630.jpg 1024w, https:\/\/www.visitcinqueterre.eu\/wp-content\/uploads\/2020\/07\/78254908_841464226308841_3519717285231067136_o-300x184.jpg 300w, https:\/\/www.visitcinqueterre.eu\/wp-content\/uploads\/2020\/07\/78254908_841464226308841_3519717285231067136_o-768x472.jpg 768w, https:\/\/www.visitcinqueterre.eu\/wp-content\/uploads\/2020\/07\/78254908_841464226308841_3519717285231067136_o.jpg 1106w\" sizes=\"(max-width: 1024px) 100vw, 1024px\" \/><\/figure><\/li><li class=\"blocks-gallery-item\"><figure><img loading=\"lazy\" decoding=\"async\" width=\"1024\" height=\"660\" src=\"https:\/\/www.visitcinqueterre.eu\/wp-content\/uploads\/2020\/07\/52778785_655893541532578_2545274813056811008_o-1024x660.jpg\" alt=\"\" data-id=\"3986\" data-full-url=\"https:\/\/www.visitcinqueterre.eu\/wp-content\/uploads\/2020\/07\/52778785_655893541532578_2545274813056811008_o.jpg\" data-link=\"https:\/\/www.visitcinqueterre.eu\/fr\/2020\/07\/14\/manaearte\/52778785_655893541532578_2545274813056811008_o-2\/\" class=\"wp-image-3986\" srcset=\"https:\/\/www.visitcinqueterre.eu\/wp-content\/uploads\/2020\/07\/52778785_655893541532578_2545274813056811008_o-1024x660.jpg 1024w, https:\/\/www.visitcinqueterre.eu\/wp-content\/uploads\/2020\/07\/52778785_655893541532578_2545274813056811008_o-300x193.jpg 300w, https:\/\/www.visitcinqueterre.eu\/wp-content\/uploads\/2020\/07\/52778785_655893541532578_2545274813056811008_o-768x495.jpg 768w, https:\/\/www.visitcinqueterre.eu\/wp-content\/uploads\/2020\/07\/52778785_655893541532578_2545274813056811008_o.jpg 1276w\" sizes=\"(max-width: 1024px) 100vw, 1024px\" \/><\/figure><\/li><\/ul><\/figure>\n\n\n\n<h2 class=\"wp-block-heading\">L&rsquo;association culturelle Radici<\/h2>\n\n\n\n<p>Mana\u00e8arte est un \u00e9v\u00e9nement organis\u00e9 par l&rsquo;<strong><a href=\"https:\/\/associazioneradici.com\/lassociazione\/\" target=\"_blank\" rel=\"noreferrer noopener\" aria-label=\"undefined (apri in una nuova scheda)\">Associazione culturale Radici<\/a><\/strong>,&nbsp; qui vise \u00e0 valoriser le patrimoine culturel des villages des Cinque Terre pour transmettre la tradition et l&rsquo;\u00e2me de ce lieu aux g\u00e9n\u00e9rations futures; pr\u00e9server et cataloguer le patrimoine photographique et historique existant afin de cr\u00e9er un observatoire du paysage qui met en \u00e9vidence sa transformation au fil du temps et permet sa conservation.<\/p>\n","protected":false},"excerpt":{"rendered":"<p>Mana\u00e8arte est de retour ! \u00c0 l&rsquo;Oratorio dei Disciplinati de Manarola, \u00e9galement connu comme l&rsquo;oratoire de la Santissima Annunziata, la tradition de Mana\u00e8arte est renouvel\u00e9e avec une exposition collective qui rend hommage aux artistes de Manarola et les pr\u00e9sente. L&rsquo;exposition s&rsquo;ouvre le samedi 18 juillet \u00e0 18h et sera ouverte tous les jours jusqu&rsquo;au 26 [&hellip;]<\/p>\n","protected":false},"author":2,"featured_media":3956,"comment_status":"open","ping_status":"open","sticky":false,"template":"","format":"standard","meta":{"_acf_changed":false,"footnotes":""},"categories":[33,54,52,56],"tags":[],"class_list":["post-3959","post","type-post","status-publish","format-standard","has-post-thumbnail","hentry","category-evenements","category-visite-en-groupe","category-en-journee","category-voyageur-autonome"],"acf":[],"yoast_head":"<!-- This site is optimized with the Yoast SEO plugin v26.6 - https:\/\/yoast.com\/wordpress\/plugins\/seo\/ -->\n<title>Mana\u00e8arte, l&#039;exposition collective des artistes de Manarola<\/title>\n<meta name=\"description\" content=\"La tradition de Mana\u00e8arte est renouvel\u00e9e \u00e0 l&#039;Oratorio dei Disciplinati de Manarola, une exposition collective qui rend hommage aux artistes de Manarola.\" \/>\n<meta name=\"robots\" content=\"index, follow, max-snippet:-1, max-image-preview:large, max-video-preview:-1\" \/>\n<link rel=\"canonical\" href=\"https:\/\/www.visitcinqueterre.eu\/fr\/2020\/07\/14\/manaearte\/\" \/>\n<meta property=\"og:locale\" content=\"fr_FR\" \/>\n<meta property=\"og:type\" content=\"article\" \/>\n<meta property=\"og:title\" content=\"Mana\u00e8arte, l&#039;exposition collective des artistes de Manarola\" \/>\n<meta property=\"og:description\" content=\"La tradition de Mana\u00e8arte est renouvel\u00e9e \u00e0 l&#039;Oratorio dei Disciplinati de Manarola, une exposition collective qui rend hommage aux artistes de Manarola et les pr\u00e9sente.\" \/>\n<meta property=\"og:url\" content=\"https:\/\/www.visitcinqueterre.eu\/fr\/2020\/07\/14\/manaearte\/\" \/>\n<meta property=\"og:site_name\" content=\"Visit Cinque Terre\" \/>\n<meta property=\"article:published_time\" content=\"2020-07-14T10:16:57+00:00\" \/>\n<meta property=\"article:modified_time\" content=\"2020-07-16T06:12:06+00:00\" \/>\n<meta property=\"og:image\" content=\"https:\/\/www.visitcinqueterre.eu\/wp-content\/uploads\/2020\/07\/107902201_281274902982427_3378085031884717779_n.jpg\" \/>\n<meta name=\"author\" content=\"Silvia Moggia\" \/>\n<meta name=\"twitter:card\" content=\"summary_large_image\" \/>\n<meta name=\"twitter:title\" content=\"Mana\u00e8arte, l&#039;exposition collective des artistes de Manarola\" \/>\n<meta name=\"twitter:description\" content=\"La tradition de Mana\u00e8arte est renouvel\u00e9e \u00e0 l&#039;Oratorio dei Disciplinati de Manarola, une exposition collective qui rend hommage aux artistes de Manarola et les pr\u00e9sente.\" \/>\n<meta name=\"twitter:image\" content=\"https:\/\/www.visitcinqueterre.eu\/wp-content\/uploads\/2020\/07\/107902201_281274902982427_3378085031884717779_n.jpg\" \/>\n<meta name=\"twitter:label1\" content=\"\u00c9crit par\" \/>\n\t<meta name=\"twitter:data1\" content=\"Silvia Moggia\" \/>\n\t<meta name=\"twitter:label2\" content=\"Dur\u00e9e de lecture estim\u00e9e\" \/>\n\t<meta name=\"twitter:data2\" content=\"1 minute\" \/>\n<script type=\"application\/ld+json\" class=\"yoast-schema-graph\">{\"@context\":\"https:\/\/schema.org\",\"@graph\":[{\"@type\":\"WebPage\",\"@id\":\"https:\/\/www.visitcinqueterre.eu\/fr\/2020\/07\/14\/manaearte\/\",\"url\":\"https:\/\/www.visitcinqueterre.eu\/fr\/2020\/07\/14\/manaearte\/\",\"name\":\"Mana\u00e8arte, l'exposition collective des artistes de Manarola\",\"isPartOf\":{\"@id\":\"https:\/\/www.visitcinqueterre.eu\/fr\/#website\"},\"primaryImageOfPage\":{\"@id\":\"https:\/\/www.visitcinqueterre.eu\/fr\/2020\/07\/14\/manaearte\/#primaryimage\"},\"image\":{\"@id\":\"https:\/\/www.visitcinqueterre.eu\/fr\/2020\/07\/14\/manaearte\/#primaryimage\"},\"thumbnailUrl\":\"https:\/\/www.visitcinqueterre.eu\/wp-content\/uploads\/2020\/07\/107902201_281274902982427_3378085031884717779_n.jpg\",\"datePublished\":\"2020-07-14T10:16:57+00:00\",\"dateModified\":\"2020-07-16T06:12:06+00:00\",\"author\":{\"@id\":\"https:\/\/www.visitcinqueterre.eu\/fr\/#\/schema\/person\/1353ee9f1981b0df26b5ef9393cfa394\"},\"description\":\"La tradition de Mana\u00e8arte est renouvel\u00e9e \u00e0 l'Oratorio dei Disciplinati de Manarola, une exposition collective qui rend hommage aux artistes de Manarola.\",\"breadcrumb\":{\"@id\":\"https:\/\/www.visitcinqueterre.eu\/fr\/2020\/07\/14\/manaearte\/#breadcrumb\"},\"inLanguage\":\"fr-FR\",\"potentialAction\":[{\"@type\":\"ReadAction\",\"target\":[\"https:\/\/www.visitcinqueterre.eu\/fr\/2020\/07\/14\/manaearte\/\"]}]},{\"@type\":\"ImageObject\",\"inLanguage\":\"fr-FR\",\"@id\":\"https:\/\/www.visitcinqueterre.eu\/fr\/2020\/07\/14\/manaearte\/#primaryimage\",\"url\":\"https:\/\/www.visitcinqueterre.eu\/wp-content\/uploads\/2020\/07\/107902201_281274902982427_3378085031884717779_n.jpg\",\"contentUrl\":\"https:\/\/www.visitcinqueterre.eu\/wp-content\/uploads\/2020\/07\/107902201_281274902982427_3378085031884717779_n.jpg\",\"width\":650,\"height\":594,\"caption\":\"Mana\u00e8arte, l'exposition collective des artistes de Manarola\"},{\"@type\":\"BreadcrumbList\",\"@id\":\"https:\/\/www.visitcinqueterre.eu\/fr\/2020\/07\/14\/manaearte\/#breadcrumb\",\"itemListElement\":[{\"@type\":\"ListItem\",\"position\":1,\"name\":\"Home\",\"item\":\"https:\/\/www.visitcinqueterre.eu\/fr\/\"},{\"@type\":\"ListItem\",\"position\":2,\"name\":\"Mana\u00e8arte, une exposition collective\"}]},{\"@type\":\"WebSite\",\"@id\":\"https:\/\/www.visitcinqueterre.eu\/fr\/#website\",\"url\":\"https:\/\/www.visitcinqueterre.eu\/fr\/\",\"name\":\"Visit Cinque Terre\",\"description\":\"Portale turistico delle Cinque Terre\",\"potentialAction\":[{\"@type\":\"SearchAction\",\"target\":{\"@type\":\"EntryPoint\",\"urlTemplate\":\"https:\/\/www.visitcinqueterre.eu\/fr\/?s={search_term_string}\"},\"query-input\":{\"@type\":\"PropertyValueSpecification\",\"valueRequired\":true,\"valueName\":\"search_term_string\"}}],\"inLanguage\":\"fr-FR\"},{\"@type\":\"Person\",\"@id\":\"https:\/\/www.visitcinqueterre.eu\/fr\/#\/schema\/person\/1353ee9f1981b0df26b5ef9393cfa394\",\"name\":\"Silvia Moggia\",\"image\":{\"@type\":\"ImageObject\",\"inLanguage\":\"fr-FR\",\"@id\":\"https:\/\/www.visitcinqueterre.eu\/fr\/#\/schema\/person\/image\/\",\"url\":\"https:\/\/secure.gravatar.com\/avatar\/fb32219336ec46400211cc38a11d2b626c77612e4ea5045fdb2f5d260ebc83ee?s=96&d=mm&r=g\",\"contentUrl\":\"https:\/\/secure.gravatar.com\/avatar\/fb32219336ec46400211cc38a11d2b626c77612e4ea5045fdb2f5d260ebc83ee?s=96&d=mm&r=g\",\"caption\":\"Silvia Moggia\"},\"url\":\"https:\/\/www.visitcinqueterre.eu\/fr\/author\/silvia-moggia\/\"}]}<\/script>\n<!-- \/ Yoast SEO plugin. -->","yoast_head_json":{"title":"Mana\u00e8arte, l'exposition collective des artistes de Manarola","description":"La tradition de Mana\u00e8arte est renouvel\u00e9e \u00e0 l'Oratorio dei Disciplinati de Manarola, une exposition collective qui rend hommage aux artistes de Manarola.","robots":{"index":"index","follow":"follow","max-snippet":"max-snippet:-1","max-image-preview":"max-image-preview:large","max-video-preview":"max-video-preview:-1"},"canonical":"https:\/\/www.visitcinqueterre.eu\/fr\/2020\/07\/14\/manaearte\/","og_locale":"fr_FR","og_type":"article","og_title":"Mana\u00e8arte, l'exposition collective des artistes de Manarola","og_description":"La tradition de Mana\u00e8arte est renouvel\u00e9e \u00e0 l'Oratorio dei Disciplinati de Manarola, une exposition collective qui rend hommage aux artistes de Manarola et les pr\u00e9sente.","og_url":"https:\/\/www.visitcinqueterre.eu\/fr\/2020\/07\/14\/manaearte\/","og_site_name":"Visit Cinque Terre","article_published_time":"2020-07-14T10:16:57+00:00","article_modified_time":"2020-07-16T06:12:06+00:00","og_image":[{"url":"https:\/\/www.visitcinqueterre.eu\/wp-content\/uploads\/2020\/07\/107902201_281274902982427_3378085031884717779_n.jpg","type":"","width":"","height":""}],"author":"Silvia Moggia","twitter_card":"summary_large_image","twitter_title":"Mana\u00e8arte, l'exposition collective des artistes de Manarola","twitter_description":"La tradition de Mana\u00e8arte est renouvel\u00e9e \u00e0 l'Oratorio dei Disciplinati de Manarola, une exposition collective qui rend hommage aux artistes de Manarola et les pr\u00e9sente.","twitter_image":"https:\/\/www.visitcinqueterre.eu\/wp-content\/uploads\/2020\/07\/107902201_281274902982427_3378085031884717779_n.jpg","twitter_misc":{"\u00c9crit par":"Silvia Moggia","Dur\u00e9e de lecture estim\u00e9e":"1 minute"},"schema":{"@context":"https:\/\/schema.org","@graph":[{"@type":"WebPage","@id":"https:\/\/www.visitcinqueterre.eu\/fr\/2020\/07\/14\/manaearte\/","url":"https:\/\/www.visitcinqueterre.eu\/fr\/2020\/07\/14\/manaearte\/","name":"Mana\u00e8arte, l'exposition collective des artistes de Manarola","isPartOf":{"@id":"https:\/\/www.visitcinqueterre.eu\/fr\/#website"},"primaryImageOfPage":{"@id":"https:\/\/www.visitcinqueterre.eu\/fr\/2020\/07\/14\/manaearte\/#primaryimage"},"image":{"@id":"https:\/\/www.visitcinqueterre.eu\/fr\/2020\/07\/14\/manaearte\/#primaryimage"},"thumbnailUrl":"https:\/\/www.visitcinqueterre.eu\/wp-content\/uploads\/2020\/07\/107902201_281274902982427_3378085031884717779_n.jpg","datePublished":"2020-07-14T10:16:57+00:00","dateModified":"2020-07-16T06:12:06+00:00","author":{"@id":"https:\/\/www.visitcinqueterre.eu\/fr\/#\/schema\/person\/1353ee9f1981b0df26b5ef9393cfa394"},"description":"La tradition de Mana\u00e8arte est renouvel\u00e9e \u00e0 l'Oratorio dei Disciplinati de Manarola, une exposition collective qui rend hommage aux artistes de Manarola.","breadcrumb":{"@id":"https:\/\/www.visitcinqueterre.eu\/fr\/2020\/07\/14\/manaearte\/#breadcrumb"},"inLanguage":"fr-FR","potentialAction":[{"@type":"ReadAction","target":["https:\/\/www.visitcinqueterre.eu\/fr\/2020\/07\/14\/manaearte\/"]}]},{"@type":"ImageObject","inLanguage":"fr-FR","@id":"https:\/\/www.visitcinqueterre.eu\/fr\/2020\/07\/14\/manaearte\/#primaryimage","url":"https:\/\/www.visitcinqueterre.eu\/wp-content\/uploads\/2020\/07\/107902201_281274902982427_3378085031884717779_n.jpg","contentUrl":"https:\/\/www.visitcinqueterre.eu\/wp-content\/uploads\/2020\/07\/107902201_281274902982427_3378085031884717779_n.jpg","width":650,"height":594,"caption":"Mana\u00e8arte, l'exposition collective des artistes de Manarola"},{"@type":"BreadcrumbList","@id":"https:\/\/www.visitcinqueterre.eu\/fr\/2020\/07\/14\/manaearte\/#breadcrumb","itemListElement":[{"@type":"ListItem","position":1,"name":"Home","item":"https:\/\/www.visitcinqueterre.eu\/fr\/"},{"@type":"ListItem","position":2,"name":"Mana\u00e8arte, une exposition collective"}]},{"@type":"WebSite","@id":"https:\/\/www.visitcinqueterre.eu\/fr\/#website","url":"https:\/\/www.visitcinqueterre.eu\/fr\/","name":"Visit Cinque Terre","description":"Portale turistico delle Cinque Terre","potentialAction":[{"@type":"SearchAction","target":{"@type":"EntryPoint","urlTemplate":"https:\/\/www.visitcinqueterre.eu\/fr\/?s={search_term_string}"},"query-input":{"@type":"PropertyValueSpecification","valueRequired":true,"valueName":"search_term_string"}}],"inLanguage":"fr-FR"},{"@type":"Person","@id":"https:\/\/www.visitcinqueterre.eu\/fr\/#\/schema\/person\/1353ee9f1981b0df26b5ef9393cfa394","name":"Silvia Moggia","image":{"@type":"ImageObject","inLanguage":"fr-FR","@id":"https:\/\/www.visitcinqueterre.eu\/fr\/#\/schema\/person\/image\/","url":"https:\/\/secure.gravatar.com\/avatar\/fb32219336ec46400211cc38a11d2b626c77612e4ea5045fdb2f5d260ebc83ee?s=96&d=mm&r=g","contentUrl":"https:\/\/secure.gravatar.com\/avatar\/fb32219336ec46400211cc38a11d2b626c77612e4ea5045fdb2f5d260ebc83ee?s=96&d=mm&r=g","caption":"Silvia Moggia"},"url":"https:\/\/www.visitcinqueterre.eu\/fr\/author\/silvia-moggia\/"}]}},"_links":{"self":[{"href":"https:\/\/www.visitcinqueterre.eu\/fr\/wp-json\/wp\/v2\/posts\/3959","targetHints":{"allow":["GET"]}}],"collection":[{"href":"https:\/\/www.visitcinqueterre.eu\/fr\/wp-json\/wp\/v2\/posts"}],"about":[{"href":"https:\/\/www.visitcinqueterre.eu\/fr\/wp-json\/wp\/v2\/types\/post"}],"author":[{"embeddable":true,"href":"https:\/\/www.visitcinqueterre.eu\/fr\/wp-json\/wp\/v2\/users\/2"}],"replies":[{"embeddable":true,"href":"https:\/\/www.visitcinqueterre.eu\/fr\/wp-json\/wp\/v2\/comments?post=3959"}],"version-history":[{"count":4,"href":"https:\/\/www.visitcinqueterre.eu\/fr\/wp-json\/wp\/v2\/posts\/3959\/revisions"}],"predecessor-version":[{"id":3992,"href":"https:\/\/www.visitcinqueterre.eu\/fr\/wp-json\/wp\/v2\/posts\/3959\/revisions\/3992"}],"wp:featuredmedia":[{"embeddable":true,"href":"https:\/\/www.visitcinqueterre.eu\/fr\/wp-json\/wp\/v2\/media\/3956"}],"wp:attachment":[{"href":"https:\/\/www.visitcinqueterre.eu\/fr\/wp-json\/wp\/v2\/media?parent=3959"}],"wp:term":[{"taxonomy":"category","embeddable":true,"href":"https:\/\/www.visitcinqueterre.eu\/fr\/wp-json\/wp\/v2\/categories?post=3959"},{"taxonomy":"post_tag","embeddable":true,"href":"https:\/\/www.visitcinqueterre.eu\/fr\/wp-json\/wp\/v2\/tags?post=3959"}],"curies":[{"name":"wp","href":"https:\/\/api.w.org\/{rel}","templated":true}]}}