{"id":4089,"date":"2020-07-19T09:11:12","date_gmt":"2020-07-19T07:11:12","guid":{"rendered":"https:\/\/www.visitcinqueterre.eu\/?p=4089"},"modified":"2020-07-19T09:11:14","modified_gmt":"2020-07-19T07:11:14","slug":"trekking-olistico-alle-cinque-terre","status":"publish","type":"post","link":"https:\/\/www.visitcinqueterre.eu\/fr\/2020\/07\/19\/trekking-olistico-alle-cinque-terre\/","title":{"rendered":"Randonn\u00e9e holistique aux Cinque Terre"},"content":{"rendered":"\n<p>La randonn\u00e9e holistique est une nouvelle fa\u00e7on de <a href=\"https:\/\/www.visitcinqueterre.eu\/fr\/2020\/06\/15\/tre-giorni-trekking-cinque-terre\/\" target=\"_blank\" rel=\"noopener noreferrer\">randonner aux Cinque Terre<\/a>, entre bien-\u00eatre et spiritualit\u00e9.<\/p>\n\n\n\n<p>La <a href=\"https:\/\/www.visitcinqueterre.eu\/fr\/2020\/07\/16\/yoga-et-meditation-aux-cinque-terre\/\" target=\"_blank\" rel=\"noreferrer noopener\" aria-label=\"undefined (apri in una nuova scheda)\">Via dell\u2019Essenza<\/a> poursuit sa croissance avec un calendrier toujours plus riche : un nouveau calendrier de randonn\u00e9e holistique qui nous fera d\u00e9couvrir les Cinque Terre et les chemins les moins fr\u00e9quent\u00e9s mais certainement plus \u00e9vocateurs de mani\u00e8re tout \u00e0 fait inattendue.<\/p>\n\n\n\n<p>Ce sont des sentiers multisensoriels insolites pour d\u00e9couvrir les beaut\u00e9s in\u00e9dites d&rsquo;un territoire enchant\u00e9, presque magique, de v\u00e9ritables \u00e9v\u00e9nements th\u00e9matiques itin\u00e9rants entre nature et sites symboliques qui rendront la valeur de voyages int\u00e9rieurs difficiles \u00e0 oublier.<\/p>\n\n\n\n<div class=\"wp-block-image\"><figure class=\"aligncenter size-large\"><img fetchpriority=\"high\" decoding=\"async\" width=\"801\" height=\"1024\" src=\"https:\/\/www.visitcinqueterre.eu\/wp-content\/uploads\/2020\/07\/thumbnail_Sito-Megalitico-1_bassa-801x1024.jpg\" alt=\"Randonn\u00e9e holistique aux Cinque Terre\" class=\"wp-image-4080\" srcset=\"https:\/\/www.visitcinqueterre.eu\/wp-content\/uploads\/2020\/07\/thumbnail_Sito-Megalitico-1_bassa-801x1024.jpg 801w, https:\/\/www.visitcinqueterre.eu\/wp-content\/uploads\/2020\/07\/thumbnail_Sito-Megalitico-1_bassa-235x300.jpg 235w, https:\/\/www.visitcinqueterre.eu\/wp-content\/uploads\/2020\/07\/thumbnail_Sito-Megalitico-1_bassa-768x982.jpg 768w, https:\/\/www.visitcinqueterre.eu\/wp-content\/uploads\/2020\/07\/thumbnail_Sito-Megalitico-1_bassa.jpg 893w\" sizes=\"(max-width: 801px) 100vw, 801px\" \/><\/figure><\/div>\n\n\n\n<h2 class=\"wp-block-heading\">La premi\u00e8re randonn\u00e9e holistique aux Cinque Terre : une promenade \u00e0 travers les cinq \u00e9l\u00e9ments &#8211; \u00ab\u00a0Passage \u00e0 Limen\u00a0\u00bb<\/h2>\n\n\n\n<p>On commence le 26 juillet par <strong>\u00ab\u00a0Passage \u00e0 Limen\u00a0\u00bb<\/strong>, le voyage d\u00e9di\u00e9 aux cinq \u00e9l\u00e9ments qui coexistent en totale harmonie aux Cinque Terre. <strong>Le rendez-vous est \u00e0 7h30 \u00e0 la gare de <a href=\"https:\/\/www.visitcinqueterre.eu\/fr\/2020\/06\/06\/riomaggiore\/\" target=\"_blank\" rel=\"noopener noreferrer\">Riomaggiore<\/a>.<\/strong><\/p>\n\n\n\n<p>De l\u00e0,&nbsp; on se dirigera vers Lavaccio, en passant par l&rsquo;<strong>\u00e9glise de San Giovanni Battista<\/strong>, puis on continuera vers le <strong>sanctuaire de la <a href=\"https:\/\/www.visitcinqueterre.eu\/fr\/2020\/06\/10\/nostra-signora-montenero\/\" target=\"_blank\" rel=\"noopener noreferrer\">Madonna di Montenero <\/a><\/strong>(ouvert de mani\u00e8re absolument exceptionnelle pour l&rsquo;anniversaire du Couronnement) pour arriver au T\u00e9l\u00e9graphe, \u00e0 partir duquel on atteindra le site arch\u00e9ologique m\u00e9galithique du <strong>Monte Grosso<\/strong>. Le retour \u00e0 Lavaccio est pr\u00e9vu \u00e0 14h00, pour d\u00e9jeuner sur la belle terrasse de L\u2019Arcobaleno.<\/p>\n\n\n\n<p>\u00ab\u00a0Nous avons choisi ce nom pour le premier itin\u00e9raire car il nous a sembl\u00e9 que le mot limen, en plus d&rsquo;\u00eatre le nom des vignobles \u00e0 travers lesquels nous passerons, \u00e9tait repr\u00e9sentatif de l&rsquo;exp\u00e9rience que nous voulons vivre. Limen est une zone frontali\u00e8re qui n&rsquo;a pas n\u00e9cessairement le sens de \u00abbarri\u00e8re\u00bb, mais qui peut aussi \u00eatre comprise comme \u00abseuil\u00bb, comme un passage myst\u00e9rieux, presque initiatique entre une dimension terrestre et une dimension spirituelle \u00bb, explique un des organisateurs, Mattia Confalonieri de <strong>Namastrails.<\/strong><\/p>\n\n\n\n<p>\u00ab\u00a0Au cours de la marche nous ferons cinq \u00e9tapes, chacune d\u00e9di\u00e9e \u00e0 un \u00e9l\u00e9ment (air, eau, terre, feu et \u00e9ther), dans laquelle les participants seront impliqu\u00e9s dans des activit\u00e9s tr\u00e8s intenses, y compris des chants, des m\u00e9ditations, ar\u00f4mes et cristaux. Ce sera tr\u00e8s excitant et significatif.\u00a0\u00bb \u00ab\u00a0C&rsquo;est vrai\u00a0\u00bb, poursuit Gianluca Pezzino \u00ab\u00a0mais ce sera aussi un passage entre le pass\u00e9 et le pr\u00e9sent, dans lequel nous lierons le d\u00e9part de l&rsquo;\u00e9glise de San Giovanni Battista et la visite du magnifique sanctuaire de la Madonna di Montenero \u00e0 l&rsquo;arriv\u00e9e au site arch\u00e9o-astronomique du Monte Grosso , cr\u00e9ant un lien entre les symboles de notre tradition chr\u00e9tienne avec les symboles animistes des civilisations pr\u00e9-chr\u00e9tiennes tr\u00e8s li\u00e9es \u00e0 l&rsquo;Univers et les \u00e9l\u00e9ments de la cr\u00e9ation, vivant la possibilit\u00e9 de nous reconnecter avec ces forces primitives et inconscientes que dans la vie quotidienne nous avons tendance \u00e0 repousser dans l&rsquo;ombre\u00a0\u00bb.<\/p>\n\n\n\n<figure class=\"wp-block-gallery columns-2 is-cropped wp-block-gallery-1 is-layout-flex wp-block-gallery-is-layout-flex\"><ul class=\"blocks-gallery-grid\"><li class=\"blocks-gallery-item\"><figure><img decoding=\"async\" width=\"682\" height=\"1024\" src=\"https:\/\/www.visitcinqueterre.eu\/wp-content\/uploads\/2020\/07\/thumbnail_Via-Megalitica_1-Bassa-682x1024.jpg\" alt=\"Randonn\u00e9e holistique aux Cinque Terre\" data-id=\"4081\" data-full-url=\"https:\/\/www.visitcinqueterre.eu\/wp-content\/uploads\/2020\/07\/thumbnail_Via-Megalitica_1-Bassa.jpg\" data-link=\"https:\/\/www.visitcinqueterre.eu\/?attachment_id=4081\" class=\"wp-image-4083\" srcset=\"https:\/\/www.visitcinqueterre.eu\/wp-content\/uploads\/2020\/07\/thumbnail_Via-Megalitica_1-Bassa-682x1024.jpg 682w, https:\/\/www.visitcinqueterre.eu\/wp-content\/uploads\/2020\/07\/thumbnail_Via-Megalitica_1-Bassa-200x300.jpg 200w, https:\/\/www.visitcinqueterre.eu\/wp-content\/uploads\/2020\/07\/thumbnail_Via-Megalitica_1-Bassa.jpg 761w\" sizes=\"(max-width: 682px) 100vw, 682px\" \/><\/figure><\/li><li class=\"blocks-gallery-item\"><figure><img decoding=\"async\" width=\"483\" height=\"1024\" src=\"https:\/\/www.visitcinqueterre.eu\/wp-content\/uploads\/2020\/07\/thumbnail_IMG_20200628_104846_bassa-483x1024.jpg\" alt=\"Randonn\u00e9e holistique aux Cinque Terre\" data-id=\"4075\" data-full-url=\"https:\/\/www.visitcinqueterre.eu\/wp-content\/uploads\/2020\/07\/thumbnail_IMG_20200628_104846_bassa.jpg\" data-link=\"https:\/\/www.visitcinqueterre.eu\/?attachment_id=4075\" class=\"wp-image-4077\" srcset=\"https:\/\/www.visitcinqueterre.eu\/wp-content\/uploads\/2020\/07\/thumbnail_IMG_20200628_104846_bassa-483x1024.jpg 483w, https:\/\/www.visitcinqueterre.eu\/wp-content\/uploads\/2020\/07\/thumbnail_IMG_20200628_104846_bassa-142x300.jpg 142w, https:\/\/www.visitcinqueterre.eu\/wp-content\/uploads\/2020\/07\/thumbnail_IMG_20200628_104846_bassa.jpg 604w\" sizes=\"(max-width: 483px) 100vw, 483px\" \/><\/figure><\/li><\/ul><\/figure>\n\n\n\n<h2 class=\"wp-block-heading\">Les autres rendez-vous de la saison avec la randonn\u00e9e holistique aux Cinque Terre<\/h2>\n\n\n\n<ul class=\"wp-block-list\"><li><strong>9 ao\u00fbt avec les trois premiers chakras<\/strong><\/li><li><strong>16 ao\u00fbt avec les quatre autres chakras<\/strong><\/li><li><strong>6 septembre avec les six premiers signes du zodiaque<\/strong><\/li><li>20 septembre avec les six autres signes du zodiaque<\/li><\/ul>\n\n\n\n<p>Pour plus d&rsquo;informations et pour r\u00e9server l&rsquo;exp\u00e9rience, vous pouvez appeler le +39 366 6886604 ou envoyer un <a href=\"mailto:viadellessenza@gmail.com\" target=\"_blank\" rel=\"noreferrer noopener\">email<\/a>.<\/p>\n","protected":false},"excerpt":{"rendered":"<p>La randonn\u00e9e holistique est une nouvelle fa\u00e7on de randonner aux Cinque Terre, entre bien-\u00eatre et spiritualit\u00e9. La Via dell\u2019Essenza poursuit sa croissance avec un calendrier toujours plus riche : un nouveau calendrier de randonn\u00e9e holistique qui nous fera d\u00e9couvrir les Cinque Terre et les chemins les moins fr\u00e9quent\u00e9s mais certainement plus \u00e9vocateurs de mani\u00e8re tout [&hellip;]<\/p>\n","protected":false},"author":2,"featured_media":4086,"comment_status":"open","ping_status":"open","sticky":false,"template":"","format":"standard","meta":{"_acf_changed":false,"footnotes":""},"categories":[31,45],"tags":[],"class_list":["post-4089","post","type-post","status-publish","format-standard","has-post-thumbnail","hentry","category-experiences-fr","category-randonne-et-autres-activites-de-plein-air"],"acf":[],"yoast_head":"<!-- This site is optimized with the Yoast SEO plugin v26.6 - https:\/\/yoast.com\/wordpress\/plugins\/seo\/ -->\n<title>Randonn\u00e9e holistique aux Cinque Terre - Visit Cinque Terre<\/title>\n<meta name=\"description\" content=\"Randonn\u00e9e holistique aux Cinque Terre : cinq rendez-vous avec une nouvelle fa\u00e7on de vivre les Cinque Terre et la randonn\u00e9e, entre nature et spiritualit\u00e9.\" \/>\n<meta name=\"robots\" content=\"index, follow, max-snippet:-1, max-image-preview:large, max-video-preview:-1\" \/>\n<link rel=\"canonical\" href=\"https:\/\/www.visitcinqueterre.eu\/fr\/2020\/07\/19\/trekking-olistico-alle-cinque-terre\/\" \/>\n<meta property=\"og:locale\" content=\"fr_FR\" \/>\n<meta property=\"og:type\" content=\"article\" \/>\n<meta property=\"og:title\" content=\"Randonn\u00e9e holistique aux Cinque Terre\" \/>\n<meta property=\"og:description\" content=\"Randonn\u00e9e holistique aux Cinque Terre : cinq rendez-vous avec une nouvelle fa\u00e7on de vivre les Cinque Terre et la randonn\u00e9e, entre nature et spiritualit\u00e9.\" \/>\n<meta property=\"og:url\" content=\"https:\/\/www.visitcinqueterre.eu\/fr\/2020\/07\/19\/trekking-olistico-alle-cinque-terre\/\" \/>\n<meta property=\"og:site_name\" content=\"Visit Cinque Terre\" \/>\n<meta property=\"article:published_time\" content=\"2020-07-19T07:11:12+00:00\" \/>\n<meta property=\"article:modified_time\" content=\"2020-07-19T07:11:14+00:00\" \/>\n<meta property=\"og:image\" content=\"https:\/\/www.visitcinqueterre.eu\/wp-content\/uploads\/2020\/07\/thumbnail_Via-Megalitica_2-Bassa.jpg\" \/>\n<meta name=\"author\" content=\"Silvia Moggia\" \/>\n<meta name=\"twitter:card\" content=\"summary_large_image\" \/>\n<meta name=\"twitter:title\" content=\"Randonn\u00e9e holistique aux Cinque Terre\" \/>\n<meta name=\"twitter:description\" content=\"Randonn\u00e9e holistique aux Cinque Terre : cinq rendez-vous avec une nouvelle fa\u00e7on de vivre les Cinque Terre et la randonn\u00e9e, entre nature et spiritualit\u00e9.\" \/>\n<meta name=\"twitter:image\" content=\"https:\/\/www.visitcinqueterre.eu\/wp-content\/uploads\/2020\/07\/thumbnail_Via-Megalitica_2-Bassa.jpg\" \/>\n<meta name=\"twitter:label1\" content=\"\u00c9crit par\" \/>\n\t<meta name=\"twitter:data1\" content=\"Silvia Moggia\" \/>\n\t<meta name=\"twitter:label2\" content=\"Dur\u00e9e de lecture estim\u00e9e\" \/>\n\t<meta name=\"twitter:data2\" content=\"3 minutes\" \/>\n<script type=\"application\/ld+json\" class=\"yoast-schema-graph\">{\"@context\":\"https:\/\/schema.org\",\"@graph\":[{\"@type\":\"WebPage\",\"@id\":\"https:\/\/www.visitcinqueterre.eu\/fr\/2020\/07\/19\/trekking-olistico-alle-cinque-terre\/\",\"url\":\"https:\/\/www.visitcinqueterre.eu\/fr\/2020\/07\/19\/trekking-olistico-alle-cinque-terre\/\",\"name\":\"Randonn\u00e9e holistique aux Cinque Terre - Visit Cinque Terre\",\"isPartOf\":{\"@id\":\"https:\/\/www.visitcinqueterre.eu\/fr\/#website\"},\"primaryImageOfPage\":{\"@id\":\"https:\/\/www.visitcinqueterre.eu\/fr\/2020\/07\/19\/trekking-olistico-alle-cinque-terre\/#primaryimage\"},\"image\":{\"@id\":\"https:\/\/www.visitcinqueterre.eu\/fr\/2020\/07\/19\/trekking-olistico-alle-cinque-terre\/#primaryimage\"},\"thumbnailUrl\":\"https:\/\/www.visitcinqueterre.eu\/wp-content\/uploads\/2020\/07\/thumbnail_Via-Megalitica_2-Bassa.jpg\",\"datePublished\":\"2020-07-19T07:11:12+00:00\",\"dateModified\":\"2020-07-19T07:11:14+00:00\",\"author\":{\"@id\":\"https:\/\/www.visitcinqueterre.eu\/fr\/#\/schema\/person\/1353ee9f1981b0df26b5ef9393cfa394\"},\"description\":\"Randonn\u00e9e holistique aux Cinque Terre : cinq rendez-vous avec une nouvelle fa\u00e7on de vivre les Cinque Terre et la randonn\u00e9e, entre nature et spiritualit\u00e9.\",\"breadcrumb\":{\"@id\":\"https:\/\/www.visitcinqueterre.eu\/fr\/2020\/07\/19\/trekking-olistico-alle-cinque-terre\/#breadcrumb\"},\"inLanguage\":\"fr-FR\",\"potentialAction\":[{\"@type\":\"ReadAction\",\"target\":[\"https:\/\/www.visitcinqueterre.eu\/fr\/2020\/07\/19\/trekking-olistico-alle-cinque-terre\/\"]}]},{\"@type\":\"ImageObject\",\"inLanguage\":\"fr-FR\",\"@id\":\"https:\/\/www.visitcinqueterre.eu\/fr\/2020\/07\/19\/trekking-olistico-alle-cinque-terre\/#primaryimage\",\"url\":\"https:\/\/www.visitcinqueterre.eu\/wp-content\/uploads\/2020\/07\/thumbnail_Via-Megalitica_2-Bassa.jpg\",\"contentUrl\":\"https:\/\/www.visitcinqueterre.eu\/wp-content\/uploads\/2020\/07\/thumbnail_Via-Megalitica_2-Bassa.jpg\",\"width\":1142,\"height\":761,\"caption\":\"Randonn\u00e9e holistique aux Cinque Terre\"},{\"@type\":\"BreadcrumbList\",\"@id\":\"https:\/\/www.visitcinqueterre.eu\/fr\/2020\/07\/19\/trekking-olistico-alle-cinque-terre\/#breadcrumb\",\"itemListElement\":[{\"@type\":\"ListItem\",\"position\":1,\"name\":\"Home\",\"item\":\"https:\/\/www.visitcinqueterre.eu\/fr\/\"},{\"@type\":\"ListItem\",\"position\":2,\"name\":\"Randonn\u00e9e holistique aux Cinque Terre\"}]},{\"@type\":\"WebSite\",\"@id\":\"https:\/\/www.visitcinqueterre.eu\/fr\/#website\",\"url\":\"https:\/\/www.visitcinqueterre.eu\/fr\/\",\"name\":\"Visit Cinque Terre\",\"description\":\"Portale turistico delle Cinque Terre\",\"potentialAction\":[{\"@type\":\"SearchAction\",\"target\":{\"@type\":\"EntryPoint\",\"urlTemplate\":\"https:\/\/www.visitcinqueterre.eu\/fr\/?s={search_term_string}\"},\"query-input\":{\"@type\":\"PropertyValueSpecification\",\"valueRequired\":true,\"valueName\":\"search_term_string\"}}],\"inLanguage\":\"fr-FR\"},{\"@type\":\"Person\",\"@id\":\"https:\/\/www.visitcinqueterre.eu\/fr\/#\/schema\/person\/1353ee9f1981b0df26b5ef9393cfa394\",\"name\":\"Silvia Moggia\",\"image\":{\"@type\":\"ImageObject\",\"inLanguage\":\"fr-FR\",\"@id\":\"https:\/\/www.visitcinqueterre.eu\/fr\/#\/schema\/person\/image\/\",\"url\":\"https:\/\/secure.gravatar.com\/avatar\/fb32219336ec46400211cc38a11d2b626c77612e4ea5045fdb2f5d260ebc83ee?s=96&d=mm&r=g\",\"contentUrl\":\"https:\/\/secure.gravatar.com\/avatar\/fb32219336ec46400211cc38a11d2b626c77612e4ea5045fdb2f5d260ebc83ee?s=96&d=mm&r=g\",\"caption\":\"Silvia Moggia\"},\"url\":\"https:\/\/www.visitcinqueterre.eu\/fr\/author\/silvia-moggia\/\"}]}<\/script>\n<!-- \/ Yoast SEO plugin. -->","yoast_head_json":{"title":"Randonn\u00e9e holistique aux Cinque Terre - Visit Cinque Terre","description":"Randonn\u00e9e holistique aux Cinque Terre : cinq rendez-vous avec une nouvelle fa\u00e7on de vivre les Cinque Terre et la randonn\u00e9e, entre nature et spiritualit\u00e9.","robots":{"index":"index","follow":"follow","max-snippet":"max-snippet:-1","max-image-preview":"max-image-preview:large","max-video-preview":"max-video-preview:-1"},"canonical":"https:\/\/www.visitcinqueterre.eu\/fr\/2020\/07\/19\/trekking-olistico-alle-cinque-terre\/","og_locale":"fr_FR","og_type":"article","og_title":"Randonn\u00e9e holistique aux Cinque Terre","og_description":"Randonn\u00e9e holistique aux Cinque Terre : cinq rendez-vous avec une nouvelle fa\u00e7on de vivre les Cinque Terre et la randonn\u00e9e, entre nature et spiritualit\u00e9.","og_url":"https:\/\/www.visitcinqueterre.eu\/fr\/2020\/07\/19\/trekking-olistico-alle-cinque-terre\/","og_site_name":"Visit Cinque Terre","article_published_time":"2020-07-19T07:11:12+00:00","article_modified_time":"2020-07-19T07:11:14+00:00","og_image":[{"url":"https:\/\/www.visitcinqueterre.eu\/wp-content\/uploads\/2020\/07\/thumbnail_Via-Megalitica_2-Bassa.jpg","type":"","width":"","height":""}],"author":"Silvia Moggia","twitter_card":"summary_large_image","twitter_title":"Randonn\u00e9e holistique aux Cinque Terre","twitter_description":"Randonn\u00e9e holistique aux Cinque Terre : cinq rendez-vous avec une nouvelle fa\u00e7on de vivre les Cinque Terre et la randonn\u00e9e, entre nature et spiritualit\u00e9.","twitter_image":"https:\/\/www.visitcinqueterre.eu\/wp-content\/uploads\/2020\/07\/thumbnail_Via-Megalitica_2-Bassa.jpg","twitter_misc":{"\u00c9crit par":"Silvia Moggia","Dur\u00e9e de lecture estim\u00e9e":"3 minutes"},"schema":{"@context":"https:\/\/schema.org","@graph":[{"@type":"WebPage","@id":"https:\/\/www.visitcinqueterre.eu\/fr\/2020\/07\/19\/trekking-olistico-alle-cinque-terre\/","url":"https:\/\/www.visitcinqueterre.eu\/fr\/2020\/07\/19\/trekking-olistico-alle-cinque-terre\/","name":"Randonn\u00e9e holistique aux Cinque Terre - Visit Cinque Terre","isPartOf":{"@id":"https:\/\/www.visitcinqueterre.eu\/fr\/#website"},"primaryImageOfPage":{"@id":"https:\/\/www.visitcinqueterre.eu\/fr\/2020\/07\/19\/trekking-olistico-alle-cinque-terre\/#primaryimage"},"image":{"@id":"https:\/\/www.visitcinqueterre.eu\/fr\/2020\/07\/19\/trekking-olistico-alle-cinque-terre\/#primaryimage"},"thumbnailUrl":"https:\/\/www.visitcinqueterre.eu\/wp-content\/uploads\/2020\/07\/thumbnail_Via-Megalitica_2-Bassa.jpg","datePublished":"2020-07-19T07:11:12+00:00","dateModified":"2020-07-19T07:11:14+00:00","author":{"@id":"https:\/\/www.visitcinqueterre.eu\/fr\/#\/schema\/person\/1353ee9f1981b0df26b5ef9393cfa394"},"description":"Randonn\u00e9e holistique aux Cinque Terre : cinq rendez-vous avec une nouvelle fa\u00e7on de vivre les Cinque Terre et la randonn\u00e9e, entre nature et spiritualit\u00e9.","breadcrumb":{"@id":"https:\/\/www.visitcinqueterre.eu\/fr\/2020\/07\/19\/trekking-olistico-alle-cinque-terre\/#breadcrumb"},"inLanguage":"fr-FR","potentialAction":[{"@type":"ReadAction","target":["https:\/\/www.visitcinqueterre.eu\/fr\/2020\/07\/19\/trekking-olistico-alle-cinque-terre\/"]}]},{"@type":"ImageObject","inLanguage":"fr-FR","@id":"https:\/\/www.visitcinqueterre.eu\/fr\/2020\/07\/19\/trekking-olistico-alle-cinque-terre\/#primaryimage","url":"https:\/\/www.visitcinqueterre.eu\/wp-content\/uploads\/2020\/07\/thumbnail_Via-Megalitica_2-Bassa.jpg","contentUrl":"https:\/\/www.visitcinqueterre.eu\/wp-content\/uploads\/2020\/07\/thumbnail_Via-Megalitica_2-Bassa.jpg","width":1142,"height":761,"caption":"Randonn\u00e9e holistique aux Cinque Terre"},{"@type":"BreadcrumbList","@id":"https:\/\/www.visitcinqueterre.eu\/fr\/2020\/07\/19\/trekking-olistico-alle-cinque-terre\/#breadcrumb","itemListElement":[{"@type":"ListItem","position":1,"name":"Home","item":"https:\/\/www.visitcinqueterre.eu\/fr\/"},{"@type":"ListItem","position":2,"name":"Randonn\u00e9e holistique aux Cinque Terre"}]},{"@type":"WebSite","@id":"https:\/\/www.visitcinqueterre.eu\/fr\/#website","url":"https:\/\/www.visitcinqueterre.eu\/fr\/","name":"Visit Cinque Terre","description":"Portale turistico delle Cinque Terre","potentialAction":[{"@type":"SearchAction","target":{"@type":"EntryPoint","urlTemplate":"https:\/\/www.visitcinqueterre.eu\/fr\/?s={search_term_string}"},"query-input":{"@type":"PropertyValueSpecification","valueRequired":true,"valueName":"search_term_string"}}],"inLanguage":"fr-FR"},{"@type":"Person","@id":"https:\/\/www.visitcinqueterre.eu\/fr\/#\/schema\/person\/1353ee9f1981b0df26b5ef9393cfa394","name":"Silvia Moggia","image":{"@type":"ImageObject","inLanguage":"fr-FR","@id":"https:\/\/www.visitcinqueterre.eu\/fr\/#\/schema\/person\/image\/","url":"https:\/\/secure.gravatar.com\/avatar\/fb32219336ec46400211cc38a11d2b626c77612e4ea5045fdb2f5d260ebc83ee?s=96&d=mm&r=g","contentUrl":"https:\/\/secure.gravatar.com\/avatar\/fb32219336ec46400211cc38a11d2b626c77612e4ea5045fdb2f5d260ebc83ee?s=96&d=mm&r=g","caption":"Silvia Moggia"},"url":"https:\/\/www.visitcinqueterre.eu\/fr\/author\/silvia-moggia\/"}]}},"_links":{"self":[{"href":"https:\/\/www.visitcinqueterre.eu\/fr\/wp-json\/wp\/v2\/posts\/4089","targetHints":{"allow":["GET"]}}],"collection":[{"href":"https:\/\/www.visitcinqueterre.eu\/fr\/wp-json\/wp\/v2\/posts"}],"about":[{"href":"https:\/\/www.visitcinqueterre.eu\/fr\/wp-json\/wp\/v2\/types\/post"}],"author":[{"embeddable":true,"href":"https:\/\/www.visitcinqueterre.eu\/fr\/wp-json\/wp\/v2\/users\/2"}],"replies":[{"embeddable":true,"href":"https:\/\/www.visitcinqueterre.eu\/fr\/wp-json\/wp\/v2\/comments?post=4089"}],"version-history":[{"count":5,"href":"https:\/\/www.visitcinqueterre.eu\/fr\/wp-json\/wp\/v2\/posts\/4089\/revisions"}],"predecessor-version":[{"id":4099,"href":"https:\/\/www.visitcinqueterre.eu\/fr\/wp-json\/wp\/v2\/posts\/4089\/revisions\/4099"}],"wp:featuredmedia":[{"embeddable":true,"href":"https:\/\/www.visitcinqueterre.eu\/fr\/wp-json\/wp\/v2\/media\/4086"}],"wp:attachment":[{"href":"https:\/\/www.visitcinqueterre.eu\/fr\/wp-json\/wp\/v2\/media?parent=4089"}],"wp:term":[{"taxonomy":"category","embeddable":true,"href":"https:\/\/www.visitcinqueterre.eu\/fr\/wp-json\/wp\/v2\/categories?post=4089"},{"taxonomy":"post_tag","embeddable":true,"href":"https:\/\/www.visitcinqueterre.eu\/fr\/wp-json\/wp\/v2\/tags?post=4089"}],"curies":[{"name":"wp","href":"https:\/\/api.w.org\/{rel}","templated":true}]}}