{"id":5175,"date":"2022-07-23T21:12:49","date_gmt":"2022-07-23T19:12:49","guid":{"rendered":"https:\/\/www.visitcinqueterre.eu\/2022\/07\/23\/chateau-des-mots-neuvieme-rendez-vous\/"},"modified":"2022-07-26T23:08:47","modified_gmt":"2022-07-26T21:08:47","slug":"chateau-des-mots-neuvieme-rendez-vous","status":"publish","type":"post","link":"https:\/\/www.visitcinqueterre.eu\/fr\/2022\/07\/23\/chateau-des-mots-neuvieme-rendez-vous\/","title":{"rendered":"Ch\u00e2teau des Mots : neuvi\u00e8me rendez-vous"},"content":{"rendered":"\n<p>Nouveau rendez-vous pour la revue litt\u00e9raire du <a href=\"https:\/\/www.facebook.com\/castellodiparole\" target=\"_blank\" rel=\"noreferrer noopener\">Castello di Parole,<\/a> lundi 01 ao\u00fbt \u00e0 21h00 \u00e0 la Marina di Manarola.  <\/p>\n\n<p><a href=\"https:\/\/giorgiaserughetti.wordpress.com\/\" target=\"_blank\" rel=\"noreferrer noopener\">GIORGIA SERUGHETTI<\/a>: est chercheuse en philosophie politique \u00e0 l&rsquo;Universit\u00e9 de Milan-Bicocca et chroniqueuse pour le journal \u00ab\u00a0Domani\u00a0\u00bb, sp\u00e9cialis\u00e9e dans la th\u00e9orie politique et la migration.  <br\/>Giorgia pr\u00e9sentera son dernier essai \u00ab\u00a0The Conservative Wind &#8211; The Populist Right on the Attack on Democracy\u00a0\u00bb. Une lecture originale qui fait converger la crise de l&rsquo;ordre n\u00e9olib\u00e9ral, \u00e9galement mise en \u00e9vidence par la catastrophe plan\u00e9taire de la pand\u00e9mie, et l&rsquo;avanc\u00e9e des projets politiques anti-\u00e9galitaires et autoritaires.<\/p>\n\n<p><a href=\"https:\/\/it-it.facebook.com\/carlasanguinetiarte\/\" target=\"_blank\" rel=\"noreferrer noopener\">CARLA SANGUINETTI<\/a>: militante pacifiste et f\u00e9ministe, artiste, \u00e9crivain et politicienne.  <br\/>Manarola pr\u00e9sentera le livre \u00ab\u00a0NO WAR\u00a0\u00bb. \u00e9dit\u00e9 par Francesca Dagnino et Paola Ferrari, un recueil d&rsquo;histoires et de documents sur le mouvement pacifiste \u00e0 travers des documents d&rsquo;archives et des t\u00e9moignages des protagonistes, dont Carla.  <\/p>\n\n<p>Il sera possible d&rsquo;acheter les deux volumes pendant l&rsquo;\u00e9v\u00e9nement.<\/p>\n\n<figure class=\"wp-block-gallery has-nested-images columns-default is-cropped wp-block-gallery-1 is-layout-flex wp-block-gallery-is-layout-flex\">\n<figure class=\"wp-block-image size-large\"><img fetchpriority=\"high\" decoding=\"async\" width=\"800\" height=\"1200\" data-id=\"5147\" src=\"https:\/\/www.visitcinqueterre.eu\/wp-content\/uploads\/2022\/07\/9788858145357.jpeg\" alt=\"\" class=\"wp-image-5147\" srcset=\"https:\/\/www.visitcinqueterre.eu\/wp-content\/uploads\/2022\/07\/9788858145357.jpeg 800w, https:\/\/www.visitcinqueterre.eu\/wp-content\/uploads\/2022\/07\/9788858145357-200x300.jpeg 200w, https:\/\/www.visitcinqueterre.eu\/wp-content\/uploads\/2022\/07\/9788858145357-683x1024.jpeg 683w, https:\/\/www.visitcinqueterre.eu\/wp-content\/uploads\/2022\/07\/9788858145357-768x1152.jpeg 768w\" sizes=\"(max-width: 800px) 100vw, 800px\" \/><\/figure>\n\n\n\n<figure class=\"wp-block-image size-large\"><img decoding=\"async\" width=\"434\" height=\"613\" data-id=\"5150\" src=\"https:\/\/www.visitcinqueterre.eu\/wp-content\/uploads\/2022\/06\/n_55c81683c7.jpeg\" alt=\"\" class=\"wp-image-5150\" srcset=\"https:\/\/www.visitcinqueterre.eu\/wp-content\/uploads\/2022\/06\/n_55c81683c7.jpeg 434w, https:\/\/www.visitcinqueterre.eu\/wp-content\/uploads\/2022\/06\/n_55c81683c7-212x300.jpeg 212w\" sizes=\"(max-width: 434px) 100vw, 434px\" \/><\/figure>\n<\/figure>\n\n<p><\/p>\n","protected":false},"excerpt":{"rendered":"<p>Nouveau rendez-vous pour la revue litt\u00e9raire du Castello di Parole, lundi 01 ao\u00fbt \u00e0 21h00 \u00e0 la Marina di Manarola. GIORGIA SERUGHETTI: est chercheuse en philosophie politique \u00e0 l&rsquo;Universit\u00e9 de Milan-Bicocca et chroniqueuse pour le journal \u00ab\u00a0Domani\u00a0\u00bb, sp\u00e9cialis\u00e9e dans la th\u00e9orie politique et la migration. Giorgia pr\u00e9sentera son dernier essai \u00ab\u00a0The Conservative Wind &#8211; The [&hellip;]<\/p>\n","protected":false},"author":5,"featured_media":5273,"comment_status":"open","ping_status":"open","sticky":false,"template":"","format":"standard","meta":{"_acf_changed":false,"footnotes":""},"categories":[82],"tags":[],"class_list":["post-5175","post","type-post","status-publish","format-standard","has-post-thumbnail","hentry","category-calendrier-des-evenements"],"acf":[],"yoast_head":"<!-- This site is optimized with the Yoast SEO plugin v26.6 - https:\/\/yoast.com\/wordpress\/plugins\/seo\/ -->\n<title>Ch\u00e2teau des Mots : neuvi\u00e8me rendez-vous - Visit Cinque Terre<\/title>\n<meta name=\"description\" content=\"Nouveau rendez-vous pour la revue litt\u00e9raire du Castello di Parole, lundi 01 ao\u00fbt \u00e0 21h00 \u00e0 la Marina di Manarola.\" \/>\n<meta name=\"robots\" content=\"index, follow, max-snippet:-1, max-image-preview:large, max-video-preview:-1\" \/>\n<link rel=\"canonical\" href=\"https:\/\/www.visitcinqueterre.eu\/fr\/2022\/07\/23\/chateau-des-mots-neuvieme-rendez-vous\/\" \/>\n<meta property=\"og:locale\" content=\"fr_FR\" \/>\n<meta property=\"og:type\" content=\"article\" \/>\n<meta property=\"og:title\" content=\"Ch\u00e2teau des Mots : neuvi\u00e8me rendez-vous - Visit Cinque Terre\" \/>\n<meta property=\"og:description\" content=\"Nouveau rendez-vous pour la revue litt\u00e9raire du Castello di Parole, lundi 01 ao\u00fbt \u00e0 21h00 \u00e0 la Marina di Manarola.\" \/>\n<meta property=\"og:url\" content=\"https:\/\/www.visitcinqueterre.eu\/fr\/2022\/07\/23\/chateau-des-mots-neuvieme-rendez-vous\/\" \/>\n<meta property=\"og:site_name\" content=\"Visit Cinque Terre\" \/>\n<meta property=\"article:published_time\" content=\"2022-07-23T19:12:49+00:00\" \/>\n<meta property=\"article:modified_time\" content=\"2022-07-26T21:08:47+00:00\" \/>\n<meta property=\"og:image\" content=\"https:\/\/www.visitcinqueterre.eu\/wp-content\/uploads\/2022\/07\/2022-08-01-CATSELLO-PAROLE.png\" \/>\n\t<meta property=\"og:image:width\" content=\"1200\" \/>\n\t<meta property=\"og:image:height\" content=\"600\" \/>\n\t<meta property=\"og:image:type\" content=\"image\/png\" \/>\n<meta name=\"author\" content=\"Viola\" \/>\n<meta name=\"twitter:card\" content=\"summary_large_image\" \/>\n<meta name=\"twitter:label1\" content=\"\u00c9crit par\" \/>\n\t<meta name=\"twitter:data1\" content=\"Viola\" \/>\n\t<meta name=\"twitter:label2\" content=\"Dur\u00e9e de lecture estim\u00e9e\" \/>\n\t<meta name=\"twitter:data2\" content=\"1 minute\" \/>\n<script type=\"application\/ld+json\" class=\"yoast-schema-graph\">{\"@context\":\"https:\/\/schema.org\",\"@graph\":[{\"@type\":\"WebPage\",\"@id\":\"https:\/\/www.visitcinqueterre.eu\/fr\/2022\/07\/23\/chateau-des-mots-neuvieme-rendez-vous\/\",\"url\":\"https:\/\/www.visitcinqueterre.eu\/fr\/2022\/07\/23\/chateau-des-mots-neuvieme-rendez-vous\/\",\"name\":\"Ch\u00e2teau des Mots : neuvi\u00e8me rendez-vous - Visit Cinque Terre\",\"isPartOf\":{\"@id\":\"https:\/\/www.visitcinqueterre.eu\/fr\/#website\"},\"primaryImageOfPage\":{\"@id\":\"https:\/\/www.visitcinqueterre.eu\/fr\/2022\/07\/23\/chateau-des-mots-neuvieme-rendez-vous\/#primaryimage\"},\"image\":{\"@id\":\"https:\/\/www.visitcinqueterre.eu\/fr\/2022\/07\/23\/chateau-des-mots-neuvieme-rendez-vous\/#primaryimage\"},\"thumbnailUrl\":\"https:\/\/www.visitcinqueterre.eu\/wp-content\/uploads\/2022\/07\/2022-08-01-CATSELLO-PAROLE.png\",\"datePublished\":\"2022-07-23T19:12:49+00:00\",\"dateModified\":\"2022-07-26T21:08:47+00:00\",\"author\":{\"@id\":\"https:\/\/www.visitcinqueterre.eu\/fr\/#\/schema\/person\/75cb69c5e04ede54e5609fbb0ea0fe2e\"},\"description\":\"Nouveau rendez-vous pour la revue litt\u00e9raire du Castello di Parole, lundi 01 ao\u00fbt \u00e0 21h00 \u00e0 la Marina di Manarola.\",\"breadcrumb\":{\"@id\":\"https:\/\/www.visitcinqueterre.eu\/fr\/2022\/07\/23\/chateau-des-mots-neuvieme-rendez-vous\/#breadcrumb\"},\"inLanguage\":\"fr-FR\",\"potentialAction\":[{\"@type\":\"ReadAction\",\"target\":[\"https:\/\/www.visitcinqueterre.eu\/fr\/2022\/07\/23\/chateau-des-mots-neuvieme-rendez-vous\/\"]}]},{\"@type\":\"ImageObject\",\"inLanguage\":\"fr-FR\",\"@id\":\"https:\/\/www.visitcinqueterre.eu\/fr\/2022\/07\/23\/chateau-des-mots-neuvieme-rendez-vous\/#primaryimage\",\"url\":\"https:\/\/www.visitcinqueterre.eu\/wp-content\/uploads\/2022\/07\/2022-08-01-CATSELLO-PAROLE.png\",\"contentUrl\":\"https:\/\/www.visitcinqueterre.eu\/wp-content\/uploads\/2022\/07\/2022-08-01-CATSELLO-PAROLE.png\",\"width\":1200,\"height\":600},{\"@type\":\"BreadcrumbList\",\"@id\":\"https:\/\/www.visitcinqueterre.eu\/fr\/2022\/07\/23\/chateau-des-mots-neuvieme-rendez-vous\/#breadcrumb\",\"itemListElement\":[{\"@type\":\"ListItem\",\"position\":1,\"name\":\"Home\",\"item\":\"https:\/\/www.visitcinqueterre.eu\/fr\/\"},{\"@type\":\"ListItem\",\"position\":2,\"name\":\"Ch\u00e2teau des Mots : neuvi\u00e8me rendez-vous\"}]},{\"@type\":\"WebSite\",\"@id\":\"https:\/\/www.visitcinqueterre.eu\/fr\/#website\",\"url\":\"https:\/\/www.visitcinqueterre.eu\/fr\/\",\"name\":\"Visit Cinque Terre\",\"description\":\"Portale turistico delle Cinque Terre\",\"potentialAction\":[{\"@type\":\"SearchAction\",\"target\":{\"@type\":\"EntryPoint\",\"urlTemplate\":\"https:\/\/www.visitcinqueterre.eu\/fr\/?s={search_term_string}\"},\"query-input\":{\"@type\":\"PropertyValueSpecification\",\"valueRequired\":true,\"valueName\":\"search_term_string\"}}],\"inLanguage\":\"fr-FR\"},{\"@type\":\"Person\",\"@id\":\"https:\/\/www.visitcinqueterre.eu\/fr\/#\/schema\/person\/75cb69c5e04ede54e5609fbb0ea0fe2e\",\"name\":\"Viola\",\"image\":{\"@type\":\"ImageObject\",\"inLanguage\":\"fr-FR\",\"@id\":\"https:\/\/www.visitcinqueterre.eu\/fr\/#\/schema\/person\/image\/\",\"url\":\"https:\/\/secure.gravatar.com\/avatar\/fa7732a0077baff634f4fa3b493e3caed086c7d10107717148b00aa938a712f1?s=96&d=mm&r=g\",\"contentUrl\":\"https:\/\/secure.gravatar.com\/avatar\/fa7732a0077baff634f4fa3b493e3caed086c7d10107717148b00aa938a712f1?s=96&d=mm&r=g\",\"caption\":\"Viola\"},\"url\":\"https:\/\/www.visitcinqueterre.eu\/fr\/author\/viola-casavecchia\/\"}]}<\/script>\n<!-- \/ Yoast SEO plugin. -->","yoast_head_json":{"title":"Ch\u00e2teau des Mots : neuvi\u00e8me rendez-vous - Visit Cinque Terre","description":"Nouveau rendez-vous pour la revue litt\u00e9raire du Castello di Parole, lundi 01 ao\u00fbt \u00e0 21h00 \u00e0 la Marina di Manarola.","robots":{"index":"index","follow":"follow","max-snippet":"max-snippet:-1","max-image-preview":"max-image-preview:large","max-video-preview":"max-video-preview:-1"},"canonical":"https:\/\/www.visitcinqueterre.eu\/fr\/2022\/07\/23\/chateau-des-mots-neuvieme-rendez-vous\/","og_locale":"fr_FR","og_type":"article","og_title":"Ch\u00e2teau des Mots : neuvi\u00e8me rendez-vous - Visit Cinque Terre","og_description":"Nouveau rendez-vous pour la revue litt\u00e9raire du Castello di Parole, lundi 01 ao\u00fbt \u00e0 21h00 \u00e0 la Marina di Manarola.","og_url":"https:\/\/www.visitcinqueterre.eu\/fr\/2022\/07\/23\/chateau-des-mots-neuvieme-rendez-vous\/","og_site_name":"Visit Cinque Terre","article_published_time":"2022-07-23T19:12:49+00:00","article_modified_time":"2022-07-26T21:08:47+00:00","og_image":[{"width":1200,"height":600,"url":"https:\/\/www.visitcinqueterre.eu\/wp-content\/uploads\/2022\/07\/2022-08-01-CATSELLO-PAROLE.png","type":"image\/png"}],"author":"Viola","twitter_card":"summary_large_image","twitter_misc":{"\u00c9crit par":"Viola","Dur\u00e9e de lecture estim\u00e9e":"1 minute"},"schema":{"@context":"https:\/\/schema.org","@graph":[{"@type":"WebPage","@id":"https:\/\/www.visitcinqueterre.eu\/fr\/2022\/07\/23\/chateau-des-mots-neuvieme-rendez-vous\/","url":"https:\/\/www.visitcinqueterre.eu\/fr\/2022\/07\/23\/chateau-des-mots-neuvieme-rendez-vous\/","name":"Ch\u00e2teau des Mots : neuvi\u00e8me rendez-vous - Visit Cinque Terre","isPartOf":{"@id":"https:\/\/www.visitcinqueterre.eu\/fr\/#website"},"primaryImageOfPage":{"@id":"https:\/\/www.visitcinqueterre.eu\/fr\/2022\/07\/23\/chateau-des-mots-neuvieme-rendez-vous\/#primaryimage"},"image":{"@id":"https:\/\/www.visitcinqueterre.eu\/fr\/2022\/07\/23\/chateau-des-mots-neuvieme-rendez-vous\/#primaryimage"},"thumbnailUrl":"https:\/\/www.visitcinqueterre.eu\/wp-content\/uploads\/2022\/07\/2022-08-01-CATSELLO-PAROLE.png","datePublished":"2022-07-23T19:12:49+00:00","dateModified":"2022-07-26T21:08:47+00:00","author":{"@id":"https:\/\/www.visitcinqueterre.eu\/fr\/#\/schema\/person\/75cb69c5e04ede54e5609fbb0ea0fe2e"},"description":"Nouveau rendez-vous pour la revue litt\u00e9raire du Castello di Parole, lundi 01 ao\u00fbt \u00e0 21h00 \u00e0 la Marina di Manarola.","breadcrumb":{"@id":"https:\/\/www.visitcinqueterre.eu\/fr\/2022\/07\/23\/chateau-des-mots-neuvieme-rendez-vous\/#breadcrumb"},"inLanguage":"fr-FR","potentialAction":[{"@type":"ReadAction","target":["https:\/\/www.visitcinqueterre.eu\/fr\/2022\/07\/23\/chateau-des-mots-neuvieme-rendez-vous\/"]}]},{"@type":"ImageObject","inLanguage":"fr-FR","@id":"https:\/\/www.visitcinqueterre.eu\/fr\/2022\/07\/23\/chateau-des-mots-neuvieme-rendez-vous\/#primaryimage","url":"https:\/\/www.visitcinqueterre.eu\/wp-content\/uploads\/2022\/07\/2022-08-01-CATSELLO-PAROLE.png","contentUrl":"https:\/\/www.visitcinqueterre.eu\/wp-content\/uploads\/2022\/07\/2022-08-01-CATSELLO-PAROLE.png","width":1200,"height":600},{"@type":"BreadcrumbList","@id":"https:\/\/www.visitcinqueterre.eu\/fr\/2022\/07\/23\/chateau-des-mots-neuvieme-rendez-vous\/#breadcrumb","itemListElement":[{"@type":"ListItem","position":1,"name":"Home","item":"https:\/\/www.visitcinqueterre.eu\/fr\/"},{"@type":"ListItem","position":2,"name":"Ch\u00e2teau des Mots : neuvi\u00e8me rendez-vous"}]},{"@type":"WebSite","@id":"https:\/\/www.visitcinqueterre.eu\/fr\/#website","url":"https:\/\/www.visitcinqueterre.eu\/fr\/","name":"Visit Cinque Terre","description":"Portale turistico delle Cinque Terre","potentialAction":[{"@type":"SearchAction","target":{"@type":"EntryPoint","urlTemplate":"https:\/\/www.visitcinqueterre.eu\/fr\/?s={search_term_string}"},"query-input":{"@type":"PropertyValueSpecification","valueRequired":true,"valueName":"search_term_string"}}],"inLanguage":"fr-FR"},{"@type":"Person","@id":"https:\/\/www.visitcinqueterre.eu\/fr\/#\/schema\/person\/75cb69c5e04ede54e5609fbb0ea0fe2e","name":"Viola","image":{"@type":"ImageObject","inLanguage":"fr-FR","@id":"https:\/\/www.visitcinqueterre.eu\/fr\/#\/schema\/person\/image\/","url":"https:\/\/secure.gravatar.com\/avatar\/fa7732a0077baff634f4fa3b493e3caed086c7d10107717148b00aa938a712f1?s=96&d=mm&r=g","contentUrl":"https:\/\/secure.gravatar.com\/avatar\/fa7732a0077baff634f4fa3b493e3caed086c7d10107717148b00aa938a712f1?s=96&d=mm&r=g","caption":"Viola"},"url":"https:\/\/www.visitcinqueterre.eu\/fr\/author\/viola-casavecchia\/"}]}},"_links":{"self":[{"href":"https:\/\/www.visitcinqueterre.eu\/fr\/wp-json\/wp\/v2\/posts\/5175","targetHints":{"allow":["GET"]}}],"collection":[{"href":"https:\/\/www.visitcinqueterre.eu\/fr\/wp-json\/wp\/v2\/posts"}],"about":[{"href":"https:\/\/www.visitcinqueterre.eu\/fr\/wp-json\/wp\/v2\/types\/post"}],"author":[{"embeddable":true,"href":"https:\/\/www.visitcinqueterre.eu\/fr\/wp-json\/wp\/v2\/users\/5"}],"replies":[{"embeddable":true,"href":"https:\/\/www.visitcinqueterre.eu\/fr\/wp-json\/wp\/v2\/comments?post=5175"}],"version-history":[{"count":3,"href":"https:\/\/www.visitcinqueterre.eu\/fr\/wp-json\/wp\/v2\/posts\/5175\/revisions"}],"predecessor-version":[{"id":5178,"href":"https:\/\/www.visitcinqueterre.eu\/fr\/wp-json\/wp\/v2\/posts\/5175\/revisions\/5178"}],"wp:featuredmedia":[{"embeddable":true,"href":"https:\/\/www.visitcinqueterre.eu\/fr\/wp-json\/wp\/v2\/media\/5273"}],"wp:attachment":[{"href":"https:\/\/www.visitcinqueterre.eu\/fr\/wp-json\/wp\/v2\/media?parent=5175"}],"wp:term":[{"taxonomy":"category","embeddable":true,"href":"https:\/\/www.visitcinqueterre.eu\/fr\/wp-json\/wp\/v2\/categories?post=5175"},{"taxonomy":"post_tag","embeddable":true,"href":"https:\/\/www.visitcinqueterre.eu\/fr\/wp-json\/wp\/v2\/tags?post=5175"}],"curies":[{"name":"wp","href":"https:\/\/api.w.org\/{rel}","templated":true}]}}