{"id":5437,"date":"2022-07-28T16:58:32","date_gmt":"2022-07-28T14:58:32","guid":{"rendered":"https:\/\/www.visitcinqueterre.eu\/2022\/07\/28\/festival-folklorique-de-rimazu\/"},"modified":"2022-08-23T16:55:36","modified_gmt":"2022-08-23T14:55:36","slug":"festival-folklorique-de-rimazu","status":"publish","type":"post","link":"https:\/\/www.visitcinqueterre.eu\/fr\/2022\/07\/28\/festival-folklorique-de-rimazu\/","title":{"rendered":"Festival folklorique de Rimaz\u00fb"},"content":{"rendered":"\n<p>Le festival d\u00e9di\u00e9 aux chansons dialectales revient \u00e0 Riomaggiore !  <\/p>\n\n<p><strong>Du 19 au 21 ao\u00fbt<\/strong>, la troisi\u00e8me \u00e9dition du <strong>Rimaz\u00fb Folk Festival &#8211; Sons et voix entre la Ligurie et la M\u00e9diterran\u00e9e<\/strong> se tiendra dans le village des Cinque Terre.  <br\/><\/p>\n\n<h2 class=\"wp-block-heading\">PROGRAMME<\/h2>\n\n<ul class=\"wp-block-list\"><li><strong>VENDREDI 19 AO\u00dbT  <\/strong><br\/><strong>21h00<\/strong> dans le cadre enchanteur de la terrasse du ch\u00e2teau de Riomaggiore avec le <strong>Quartetto Chitarristico di Padova, qui pr\u00e9sentera un programme sp\u00e9cialement con\u00e7u pour la revue, intitul\u00e9 \u00ab\u00a0\u00a1C\u00f3mo resuena la mar esta noche !<\/strong> Musique et danse autour de la M\u00e9diterran\u00e9e.<\/li><li><strong>LE SAMEDI 20 AO\u00dbT &#8211; DEUX DATES<\/strong><br\/><strong>11h00 &#8211; <\/strong> Le festival se d\u00e9place dans les rues et parmi les gens avec<strong> Scia\u00e0tu &lsquo;nti carugi, des stornelli (chants) itin\u00e9rants<\/strong> \u00e0 travers les coins les plus \u00e9vocateurs du village et une <em>halte dans les caves des vignerons de Riomaggiore<\/em> sp\u00e9cialement ouvertes pour l&rsquo;occasion. Le <strong>d\u00e9part sera donn\u00e9 devant la Loggia di Banchi, dans le centre de la Via Colombo<\/strong>, et pendant la matin\u00e9e, il y aura des liaisons en direct avec Radio Skylab Varazze par Stefano Pastorino et Donatella Durando, qui sera \u00e9galement la pr\u00e9sentatrice officielle de tous les \u00e9v\u00e9nements.<br\/><strong>21h00<\/strong> &#8211; Le <strong>traditionnel concert avec le meilleur de la chanson dialectale ligure<\/strong> sur la Piazza del Vignaiolo. Les honneurs reviennent au groupe riomaggiorese Grandi &amp; fanti, qui a r\u00e9uni autour de lui les nombreux amis qui monteront sur sc\u00e8ne : Andrea Facco, Attilio Valeri, Audiovirale, Gnachi &amp; f\u00fcrbe, Mandill\u00e4, Maz Vilander &amp; Makadam Zena, Renzo Graglia, u Cantautupittu, u Carbun &amp; de Januaicans. Cette ann\u00e9e encore, un prix sp\u00e9cial d\u00e9cern\u00e9 par la direction artistique sera attribu\u00e9 \u00e0 la chanson qui, plus que toute autre, incarne l&rsquo;esprit du festival.<\/li><li><strong>DIMANCHE 21 AO\u00dbT<\/strong><br\/><strong>21 <\/strong> h &#8211; Piazza del Vignaiolo, le festival se terminera par <strong>Dezandia de \u015dtria !, un concert de Grandi &amp; fanti<\/strong>, qui seront accompagn\u00e9s sur sc\u00e8ne par le <strong>rappeur g\u00e9nois Mike fc.<\/strong> Les animateurs pr\u00e9senteront au public leur nouvelle chanson Lamacrexa, laur\u00e9ate du prix Elmo Bazzano pour l&rsquo;impact sc\u00e9nique et la coh\u00e9rence du rapport entre texte et musique au dernier Festival della Canzone de Lingua Ligure. En outre, un T-shirt sp\u00e9cial comm\u00e9morera le dixi\u00e8me anniversaire de Vega vughina, la premi\u00e8re chanson sp\u00e9cialement \u00e9crite pour le groupe et v\u00e9ritable manifeste de sa po\u00e9tique.<\/li><\/ul>\n\n<div data-wp-interactive=\"core\/file\" class=\"wp-block-file aligncenter\"><object data-wp-bind--hidden=\"!state.hasPdfPreview\" hidden class=\"wp-block-file__embed\" data=\"https:\/\/www.visitcinqueterre.eu\/wp-content\/uploads\/2022\/08\/Comunicato-stampa-Rimazu&#x302;-Folk-Festival-2022.pdf\" type=\"application\/pdf\" style=\"width:100%;height:600px\" aria-label=\"Contenu embarqu\u00e9 Incorporamento di Comunicato-stampa-Rimazu\u0302-Folk-Festival-2022..\"><\/object><a id=\"wp-block-file--media-88831024-7be7-442c-917d-d711428993e5\" href=\"https:\/\/www.visitcinqueterre.eu\/wp-content\/uploads\/2022\/08\/Comunicato-stampa-Rimazu&#x302;-Folk-Festival-2022.pdf\">Communiqu\u00e9 de presse-Rimaz\u00fb-Folk-Festival-2022<\/a><a href=\"https:\/\/www.visitcinqueterre.eu\/wp-content\/uploads\/2022\/08\/Comunicato-stampa-Rimazu&#x302;-Folk-Festival-2022.pdf\" class=\"wp-block-file__button\" download=\"\" aria-describedby=\"wp-block-file--media-88831024-7be7-442c-917d-d711428993e5\">T\u00e9l\u00e9charger<\/a><\/div>\n\n<figure class=\"wp-block-gallery has-nested-images columns-default is-cropped wp-block-gallery-1 is-layout-flex wp-block-gallery-is-layout-flex\">\n<figure class=\"wp-block-image size-large\"><img decoding=\"async\" data-id=\"5574\" src=\"https:\/\/www.visitcinqueterre.eu\/wp-content\/uploads\/2022\/08\/Programma-Rimazu&#x302;-Folk-Festival-2022.jpg\" alt=\"\" class=\"wp-image-5574\"\/><\/figure>\n\n\n\n<figure class=\"wp-block-image size-large\"><img fetchpriority=\"high\" decoding=\"async\" width=\"724\" height=\"1024\" data-id=\"5594\" src=\"https:\/\/www.visitcinqueterre.eu\/wp-content\/uploads\/2022\/08\/Programma-eventi-724x1024.jpg\" alt=\"\" class=\"wp-image-5594\" srcset=\"https:\/\/www.visitcinqueterre.eu\/wp-content\/uploads\/2022\/08\/Programma-eventi-724x1024.jpg 724w, https:\/\/www.visitcinqueterre.eu\/wp-content\/uploads\/2022\/08\/Programma-eventi-212x300.jpg 212w, https:\/\/www.visitcinqueterre.eu\/wp-content\/uploads\/2022\/08\/Programma-eventi-768x1086.jpg 768w, https:\/\/www.visitcinqueterre.eu\/wp-content\/uploads\/2022\/08\/Programma-eventi-1086x1536.jpg 1086w, https:\/\/www.visitcinqueterre.eu\/wp-content\/uploads\/2022\/08\/Programma-eventi-1448x2048.jpg 1448w, https:\/\/www.visitcinqueterre.eu\/wp-content\/uploads\/2022\/08\/Programma-eventi-scaled.jpg 1810w\" sizes=\"(max-width: 724px) 100vw, 724px\" \/><\/figure>\n\n\n\n<figure class=\"wp-block-image size-large\"><img decoding=\"async\" data-id=\"5580\" src=\"https:\/\/www.visitcinqueterre.eu\/wp-content\/uploads\/2022\/08\/Programma-Rimazu&#x302;-Folk-Festival-2022_3.jpg\" alt=\"\" class=\"wp-image-5580\"\/><\/figure>\n\n\n\n<figure class=\"wp-block-image size-large\"><img decoding=\"async\" data-id=\"5583\" src=\"https:\/\/www.visitcinqueterre.eu\/wp-content\/uploads\/2022\/08\/Programma-Rimazu&#x302;-Folk-Festival-2022_4.jpg\" alt=\"\" class=\"wp-image-5583\"\/><\/figure>\n<\/figure>\n","protected":false},"excerpt":{"rendered":"<p>Le festival d\u00e9di\u00e9 aux chansons dialectales revient \u00e0 Riomaggiore ! Du 19 au 21 ao\u00fbt, la troisi\u00e8me \u00e9dition du Rimaz\u00fb Folk Festival &#8211; Sons et voix entre la Ligurie et la M\u00e9diterran\u00e9e se tiendra dans le village des Cinque Terre. PROGRAMME VENDREDI 19 AO\u00dbT 21h00 dans le cadre enchanteur de la terrasse du ch\u00e2teau de [&hellip;]<\/p>\n","protected":false},"author":5,"featured_media":5389,"comment_status":"open","ping_status":"open","sticky":false,"template":"","format":"standard","meta":{"_acf_changed":false,"footnotes":""},"categories":[82,12],"tags":[],"class_list":["post-5437","post","type-post","status-publish","format-standard","has-post-thumbnail","hentry","category-calendrier-des-evenements","category-riomaggiore-fr"],"acf":[],"yoast_head":"<!-- This site is optimized with the Yoast SEO plugin v26.6 - https:\/\/yoast.com\/wordpress\/plugins\/seo\/ -->\n<title>Festival folklorique de Rimaz\u00fb - Visit Cinque Terre<\/title>\n<meta name=\"description\" content=\"Riomaggiore accueillera un hommage au dialecte ligure avec trois soir\u00e9es consacr\u00e9es aux chansons dialectales et \u00e0 leurs artistes.\" \/>\n<meta name=\"robots\" content=\"index, follow, max-snippet:-1, max-image-preview:large, max-video-preview:-1\" \/>\n<link rel=\"canonical\" href=\"https:\/\/www.visitcinqueterre.eu\/fr\/2022\/07\/28\/festival-folklorique-de-rimazu\/\" \/>\n<meta property=\"og:locale\" content=\"fr_FR\" \/>\n<meta property=\"og:type\" content=\"article\" \/>\n<meta property=\"og:title\" content=\"Festival folklorique de Rimaz\u00fb - Visit Cinque Terre\" \/>\n<meta property=\"og:description\" content=\"Riomaggiore accueillera un hommage au dialecte ligure avec trois soir\u00e9es consacr\u00e9es aux chansons dialectales et \u00e0 leurs artistes.\" \/>\n<meta property=\"og:url\" content=\"https:\/\/www.visitcinqueterre.eu\/fr\/2022\/07\/28\/festival-folklorique-de-rimazu\/\" \/>\n<meta property=\"og:site_name\" content=\"Visit Cinque Terre\" \/>\n<meta property=\"article:published_time\" content=\"2022-07-28T14:58:32+00:00\" \/>\n<meta property=\"article:modified_time\" content=\"2022-08-23T14:55:36+00:00\" \/>\n<meta property=\"og:image\" content=\"https:\/\/www.visitcinqueterre.eu\/wp-content\/uploads\/2022\/07\/2022-08-19-21-RIMAZU-FOLK-FESTIVAL.png\" \/>\n\t<meta property=\"og:image:width\" content=\"1200\" \/>\n\t<meta property=\"og:image:height\" content=\"600\" \/>\n\t<meta property=\"og:image:type\" content=\"image\/png\" \/>\n<meta name=\"author\" content=\"Viola\" \/>\n<meta name=\"twitter:card\" content=\"summary_large_image\" \/>\n<meta name=\"twitter:label1\" content=\"\u00c9crit par\" \/>\n\t<meta name=\"twitter:data1\" content=\"Viola\" \/>\n\t<meta name=\"twitter:label2\" content=\"Dur\u00e9e de lecture estim\u00e9e\" \/>\n\t<meta name=\"twitter:data2\" content=\"2 minutes\" \/>\n<script type=\"application\/ld+json\" class=\"yoast-schema-graph\">{\"@context\":\"https:\/\/schema.org\",\"@graph\":[{\"@type\":\"WebPage\",\"@id\":\"https:\/\/www.visitcinqueterre.eu\/fr\/2022\/07\/28\/festival-folklorique-de-rimazu\/\",\"url\":\"https:\/\/www.visitcinqueterre.eu\/fr\/2022\/07\/28\/festival-folklorique-de-rimazu\/\",\"name\":\"Festival folklorique de Rimaz\u00fb - Visit Cinque Terre\",\"isPartOf\":{\"@id\":\"https:\/\/www.visitcinqueterre.eu\/fr\/#website\"},\"primaryImageOfPage\":{\"@id\":\"https:\/\/www.visitcinqueterre.eu\/fr\/2022\/07\/28\/festival-folklorique-de-rimazu\/#primaryimage\"},\"image\":{\"@id\":\"https:\/\/www.visitcinqueterre.eu\/fr\/2022\/07\/28\/festival-folklorique-de-rimazu\/#primaryimage\"},\"thumbnailUrl\":\"https:\/\/www.visitcinqueterre.eu\/wp-content\/uploads\/2022\/07\/2022-08-19-21-RIMAZU-FOLK-FESTIVAL.png\",\"datePublished\":\"2022-07-28T14:58:32+00:00\",\"dateModified\":\"2022-08-23T14:55:36+00:00\",\"author\":{\"@id\":\"https:\/\/www.visitcinqueterre.eu\/fr\/#\/schema\/person\/75cb69c5e04ede54e5609fbb0ea0fe2e\"},\"description\":\"Riomaggiore accueillera un hommage au dialecte ligure avec trois soir\u00e9es consacr\u00e9es aux chansons dialectales et \u00e0 leurs artistes.\",\"breadcrumb\":{\"@id\":\"https:\/\/www.visitcinqueterre.eu\/fr\/2022\/07\/28\/festival-folklorique-de-rimazu\/#breadcrumb\"},\"inLanguage\":\"fr-FR\",\"potentialAction\":[{\"@type\":\"ReadAction\",\"target\":[\"https:\/\/www.visitcinqueterre.eu\/fr\/2022\/07\/28\/festival-folklorique-de-rimazu\/\"]}]},{\"@type\":\"ImageObject\",\"inLanguage\":\"fr-FR\",\"@id\":\"https:\/\/www.visitcinqueterre.eu\/fr\/2022\/07\/28\/festival-folklorique-de-rimazu\/#primaryimage\",\"url\":\"https:\/\/www.visitcinqueterre.eu\/wp-content\/uploads\/2022\/07\/2022-08-19-21-RIMAZU-FOLK-FESTIVAL.png\",\"contentUrl\":\"https:\/\/www.visitcinqueterre.eu\/wp-content\/uploads\/2022\/07\/2022-08-19-21-RIMAZU-FOLK-FESTIVAL.png\",\"width\":1200,\"height\":600},{\"@type\":\"BreadcrumbList\",\"@id\":\"https:\/\/www.visitcinqueterre.eu\/fr\/2022\/07\/28\/festival-folklorique-de-rimazu\/#breadcrumb\",\"itemListElement\":[{\"@type\":\"ListItem\",\"position\":1,\"name\":\"Home\",\"item\":\"https:\/\/www.visitcinqueterre.eu\/fr\/\"},{\"@type\":\"ListItem\",\"position\":2,\"name\":\"Festival folklorique de Rimaz\u00fb\"}]},{\"@type\":\"WebSite\",\"@id\":\"https:\/\/www.visitcinqueterre.eu\/fr\/#website\",\"url\":\"https:\/\/www.visitcinqueterre.eu\/fr\/\",\"name\":\"Visit Cinque Terre\",\"description\":\"Portale turistico delle Cinque Terre\",\"potentialAction\":[{\"@type\":\"SearchAction\",\"target\":{\"@type\":\"EntryPoint\",\"urlTemplate\":\"https:\/\/www.visitcinqueterre.eu\/fr\/?s={search_term_string}\"},\"query-input\":{\"@type\":\"PropertyValueSpecification\",\"valueRequired\":true,\"valueName\":\"search_term_string\"}}],\"inLanguage\":\"fr-FR\"},{\"@type\":\"Person\",\"@id\":\"https:\/\/www.visitcinqueterre.eu\/fr\/#\/schema\/person\/75cb69c5e04ede54e5609fbb0ea0fe2e\",\"name\":\"Viola\",\"image\":{\"@type\":\"ImageObject\",\"inLanguage\":\"fr-FR\",\"@id\":\"https:\/\/www.visitcinqueterre.eu\/fr\/#\/schema\/person\/image\/\",\"url\":\"https:\/\/secure.gravatar.com\/avatar\/fa7732a0077baff634f4fa3b493e3caed086c7d10107717148b00aa938a712f1?s=96&d=mm&r=g\",\"contentUrl\":\"https:\/\/secure.gravatar.com\/avatar\/fa7732a0077baff634f4fa3b493e3caed086c7d10107717148b00aa938a712f1?s=96&d=mm&r=g\",\"caption\":\"Viola\"},\"url\":\"https:\/\/www.visitcinqueterre.eu\/fr\/author\/viola-casavecchia\/\"}]}<\/script>\n<!-- \/ Yoast SEO plugin. -->","yoast_head_json":{"title":"Festival folklorique de Rimaz\u00fb - Visit Cinque Terre","description":"Riomaggiore accueillera un hommage au dialecte ligure avec trois soir\u00e9es consacr\u00e9es aux chansons dialectales et \u00e0 leurs artistes.","robots":{"index":"index","follow":"follow","max-snippet":"max-snippet:-1","max-image-preview":"max-image-preview:large","max-video-preview":"max-video-preview:-1"},"canonical":"https:\/\/www.visitcinqueterre.eu\/fr\/2022\/07\/28\/festival-folklorique-de-rimazu\/","og_locale":"fr_FR","og_type":"article","og_title":"Festival folklorique de Rimaz\u00fb - Visit Cinque Terre","og_description":"Riomaggiore accueillera un hommage au dialecte ligure avec trois soir\u00e9es consacr\u00e9es aux chansons dialectales et \u00e0 leurs artistes.","og_url":"https:\/\/www.visitcinqueterre.eu\/fr\/2022\/07\/28\/festival-folklorique-de-rimazu\/","og_site_name":"Visit Cinque Terre","article_published_time":"2022-07-28T14:58:32+00:00","article_modified_time":"2022-08-23T14:55:36+00:00","og_image":[{"width":1200,"height":600,"url":"https:\/\/www.visitcinqueterre.eu\/wp-content\/uploads\/2022\/07\/2022-08-19-21-RIMAZU-FOLK-FESTIVAL.png","type":"image\/png"}],"author":"Viola","twitter_card":"summary_large_image","twitter_misc":{"\u00c9crit par":"Viola","Dur\u00e9e de lecture estim\u00e9e":"2 minutes"},"schema":{"@context":"https:\/\/schema.org","@graph":[{"@type":"WebPage","@id":"https:\/\/www.visitcinqueterre.eu\/fr\/2022\/07\/28\/festival-folklorique-de-rimazu\/","url":"https:\/\/www.visitcinqueterre.eu\/fr\/2022\/07\/28\/festival-folklorique-de-rimazu\/","name":"Festival folklorique de Rimaz\u00fb - Visit Cinque Terre","isPartOf":{"@id":"https:\/\/www.visitcinqueterre.eu\/fr\/#website"},"primaryImageOfPage":{"@id":"https:\/\/www.visitcinqueterre.eu\/fr\/2022\/07\/28\/festival-folklorique-de-rimazu\/#primaryimage"},"image":{"@id":"https:\/\/www.visitcinqueterre.eu\/fr\/2022\/07\/28\/festival-folklorique-de-rimazu\/#primaryimage"},"thumbnailUrl":"https:\/\/www.visitcinqueterre.eu\/wp-content\/uploads\/2022\/07\/2022-08-19-21-RIMAZU-FOLK-FESTIVAL.png","datePublished":"2022-07-28T14:58:32+00:00","dateModified":"2022-08-23T14:55:36+00:00","author":{"@id":"https:\/\/www.visitcinqueterre.eu\/fr\/#\/schema\/person\/75cb69c5e04ede54e5609fbb0ea0fe2e"},"description":"Riomaggiore accueillera un hommage au dialecte ligure avec trois soir\u00e9es consacr\u00e9es aux chansons dialectales et \u00e0 leurs artistes.","breadcrumb":{"@id":"https:\/\/www.visitcinqueterre.eu\/fr\/2022\/07\/28\/festival-folklorique-de-rimazu\/#breadcrumb"},"inLanguage":"fr-FR","potentialAction":[{"@type":"ReadAction","target":["https:\/\/www.visitcinqueterre.eu\/fr\/2022\/07\/28\/festival-folklorique-de-rimazu\/"]}]},{"@type":"ImageObject","inLanguage":"fr-FR","@id":"https:\/\/www.visitcinqueterre.eu\/fr\/2022\/07\/28\/festival-folklorique-de-rimazu\/#primaryimage","url":"https:\/\/www.visitcinqueterre.eu\/wp-content\/uploads\/2022\/07\/2022-08-19-21-RIMAZU-FOLK-FESTIVAL.png","contentUrl":"https:\/\/www.visitcinqueterre.eu\/wp-content\/uploads\/2022\/07\/2022-08-19-21-RIMAZU-FOLK-FESTIVAL.png","width":1200,"height":600},{"@type":"BreadcrumbList","@id":"https:\/\/www.visitcinqueterre.eu\/fr\/2022\/07\/28\/festival-folklorique-de-rimazu\/#breadcrumb","itemListElement":[{"@type":"ListItem","position":1,"name":"Home","item":"https:\/\/www.visitcinqueterre.eu\/fr\/"},{"@type":"ListItem","position":2,"name":"Festival folklorique de Rimaz\u00fb"}]},{"@type":"WebSite","@id":"https:\/\/www.visitcinqueterre.eu\/fr\/#website","url":"https:\/\/www.visitcinqueterre.eu\/fr\/","name":"Visit Cinque Terre","description":"Portale turistico delle Cinque Terre","potentialAction":[{"@type":"SearchAction","target":{"@type":"EntryPoint","urlTemplate":"https:\/\/www.visitcinqueterre.eu\/fr\/?s={search_term_string}"},"query-input":{"@type":"PropertyValueSpecification","valueRequired":true,"valueName":"search_term_string"}}],"inLanguage":"fr-FR"},{"@type":"Person","@id":"https:\/\/www.visitcinqueterre.eu\/fr\/#\/schema\/person\/75cb69c5e04ede54e5609fbb0ea0fe2e","name":"Viola","image":{"@type":"ImageObject","inLanguage":"fr-FR","@id":"https:\/\/www.visitcinqueterre.eu\/fr\/#\/schema\/person\/image\/","url":"https:\/\/secure.gravatar.com\/avatar\/fa7732a0077baff634f4fa3b493e3caed086c7d10107717148b00aa938a712f1?s=96&d=mm&r=g","contentUrl":"https:\/\/secure.gravatar.com\/avatar\/fa7732a0077baff634f4fa3b493e3caed086c7d10107717148b00aa938a712f1?s=96&d=mm&r=g","caption":"Viola"},"url":"https:\/\/www.visitcinqueterre.eu\/fr\/author\/viola-casavecchia\/"}]}},"_links":{"self":[{"href":"https:\/\/www.visitcinqueterre.eu\/fr\/wp-json\/wp\/v2\/posts\/5437","targetHints":{"allow":["GET"]}}],"collection":[{"href":"https:\/\/www.visitcinqueterre.eu\/fr\/wp-json\/wp\/v2\/posts"}],"about":[{"href":"https:\/\/www.visitcinqueterre.eu\/fr\/wp-json\/wp\/v2\/types\/post"}],"author":[{"embeddable":true,"href":"https:\/\/www.visitcinqueterre.eu\/fr\/wp-json\/wp\/v2\/users\/5"}],"replies":[{"embeddable":true,"href":"https:\/\/www.visitcinqueterre.eu\/fr\/wp-json\/wp\/v2\/comments?post=5437"}],"version-history":[{"count":3,"href":"https:\/\/www.visitcinqueterre.eu\/fr\/wp-json\/wp\/v2\/posts\/5437\/revisions"}],"predecessor-version":[{"id":5598,"href":"https:\/\/www.visitcinqueterre.eu\/fr\/wp-json\/wp\/v2\/posts\/5437\/revisions\/5598"}],"wp:featuredmedia":[{"embeddable":true,"href":"https:\/\/www.visitcinqueterre.eu\/fr\/wp-json\/wp\/v2\/media\/5389"}],"wp:attachment":[{"href":"https:\/\/www.visitcinqueterre.eu\/fr\/wp-json\/wp\/v2\/media?parent=5437"}],"wp:term":[{"taxonomy":"category","embeddable":true,"href":"https:\/\/www.visitcinqueterre.eu\/fr\/wp-json\/wp\/v2\/categories?post=5437"},{"taxonomy":"post_tag","embeddable":true,"href":"https:\/\/www.visitcinqueterre.eu\/fr\/wp-json\/wp\/v2\/tags?post=5437"}],"curies":[{"name":"wp","href":"https:\/\/api.w.org\/{rel}","templated":true}]}}