{"id":5513,"date":"2022-08-02T09:29:07","date_gmt":"2022-08-02T07:29:07","guid":{"rendered":"https:\/\/www.visitcinqueterre.eu\/2022\/08\/02\/trekking-evitez-les-heures-les-plus-chaudes\/"},"modified":"2022-08-02T09:29:08","modified_gmt":"2022-08-02T07:29:08","slug":"trekking-evitez-les-heures-les-plus-chaudes","status":"publish","type":"post","link":"https:\/\/www.visitcinqueterre.eu\/fr\/2022\/08\/02\/trekking-evitez-les-heures-les-plus-chaudes\/","title":{"rendered":"Trekking : \u00e9vitez les heures les plus chaudes"},"content":{"rendered":"\n<p>La chaleur extraordinaire de cet \u00e9t\u00e9 italien 2022 ne semble pas vouloir se calmer, c&rsquo;est pourquoi le parc des Cinque Terre lance un appel \u00e0 tous ceux qui veulent parcourir nos merveilleux sentiers.  <\/p>\n\n<p>Pour \u00e9viter les coups de chaleur, nous vous recommandons de marcher t\u00f4t le matin ou tard l&rsquo;apr\u00e8s-midi. \u00c9vitant ainsi la tranche horaire de 11 heures \u00e0 16 heures.  <\/p>\n\n<div class=\"wp-block-group\"><div class=\"wp-block-group__inner-container is-layout-flow wp-block-group-is-layout-flow\">\n<div class=\"wp-block-columns is-layout-flex wp-container-core-columns-is-layout-9d6595d7 wp-block-columns-is-layout-flex\">\n<div class=\"wp-block-column is-vertically-aligned-center is-layout-flow wp-block-column-is-layout-flow\" style=\"flex-basis:100%\"><\/div>\n<\/div>\n<\/div><\/div>\n\n<figure class=\"wp-block-embed is-type-video is-provider-youtube wp-block-embed-youtube wp-embed-aspect-4-3 wp-has-aspect-ratio\"><div class=\"wp-block-embed__wrapper\">\n<iframe title=\"Attenzione - Warning\" width=\"500\" height=\"375\" src=\"https:\/\/www.youtube.com\/embed\/YFBrxSxdloA?feature=oembed\" frameborder=\"0\" allow=\"accelerometer; autoplay; clipboard-write; encrypted-media; gyroscope; picture-in-picture; web-share\" referrerpolicy=\"strict-origin-when-cross-origin\" allowfullscreen><\/iframe>\n<\/div><\/figure>\n","protected":false},"excerpt":{"rendered":"<p>La chaleur extraordinaire de cet \u00e9t\u00e9 italien 2022 ne semble pas vouloir se calmer, c&rsquo;est pourquoi le parc des Cinque Terre lance un appel \u00e0 tous ceux qui veulent parcourir nos merveilleux sentiers. Pour \u00e9viter les coups de chaleur, nous vous recommandons de marcher t\u00f4t le matin ou tard l&rsquo;apr\u00e8s-midi. \u00c9vitant ainsi la tranche horaire [&hellip;]<\/p>\n","protected":false},"author":5,"featured_media":5496,"comment_status":"open","ping_status":"open","sticky":false,"template":"","format":"standard","meta":{"_acf_changed":false,"footnotes":""},"categories":[45,54,52,56],"tags":[],"class_list":["post-5513","post","type-post","status-publish","format-standard","has-post-thumbnail","hentry","category-randonne-et-autres-activites-de-plein-air","category-visite-en-groupe","category-en-journee","category-voyageur-autonome"],"acf":[],"yoast_head":"<!-- This site is optimized with the Yoast SEO plugin v26.6 - https:\/\/yoast.com\/wordpress\/plugins\/seo\/ -->\n<title>Trekking : \u00e9vitez les heures les plus chaudes - Visit Cinque Terre<\/title>\n<meta name=\"description\" content=\"le parc Cinque Terre lance un appel \u00e0 tous ceux qui veulent parcourir nos merveilleux sentiers.\" \/>\n<meta name=\"robots\" content=\"index, follow, max-snippet:-1, max-image-preview:large, max-video-preview:-1\" \/>\n<link rel=\"canonical\" href=\"https:\/\/www.visitcinqueterre.eu\/fr\/2022\/08\/02\/trekking-evitez-les-heures-les-plus-chaudes\/\" \/>\n<meta property=\"og:locale\" content=\"fr_FR\" \/>\n<meta property=\"og:type\" content=\"article\" \/>\n<meta property=\"og:title\" content=\"Trekking : \u00e9vitez les heures les plus chaudes - Visit Cinque Terre\" \/>\n<meta property=\"og:description\" content=\"le parc Cinque Terre lance un appel \u00e0 tous ceux qui veulent parcourir nos merveilleux sentiers.\" \/>\n<meta property=\"og:url\" content=\"https:\/\/www.visitcinqueterre.eu\/fr\/2022\/08\/02\/trekking-evitez-les-heures-les-plus-chaudes\/\" \/>\n<meta property=\"og:site_name\" content=\"Visit Cinque Terre\" \/>\n<meta property=\"article:published_time\" content=\"2022-08-02T07:29:07+00:00\" \/>\n<meta property=\"article:modified_time\" content=\"2022-08-02T07:29:08+00:00\" \/>\n<meta property=\"og:image\" content=\"https:\/\/www.visitcinqueterre.eu\/wp-content\/uploads\/2022\/08\/296730107_10159063472372099_3324713425471085241_n-1.jpeg\" \/>\n\t<meta property=\"og:image:width\" content=\"960\" \/>\n\t<meta property=\"og:image:height\" content=\"960\" \/>\n\t<meta property=\"og:image:type\" content=\"image\/jpeg\" \/>\n<meta name=\"author\" content=\"Viola\" \/>\n<meta name=\"twitter:card\" content=\"summary_large_image\" \/>\n<meta name=\"twitter:label1\" content=\"\u00c9crit par\" \/>\n\t<meta name=\"twitter:data1\" content=\"Viola\" \/>\n<script type=\"application\/ld+json\" class=\"yoast-schema-graph\">{\"@context\":\"https:\/\/schema.org\",\"@graph\":[{\"@type\":\"WebPage\",\"@id\":\"https:\/\/www.visitcinqueterre.eu\/fr\/2022\/08\/02\/trekking-evitez-les-heures-les-plus-chaudes\/\",\"url\":\"https:\/\/www.visitcinqueterre.eu\/fr\/2022\/08\/02\/trekking-evitez-les-heures-les-plus-chaudes\/\",\"name\":\"Trekking : \u00e9vitez les heures les plus chaudes - Visit Cinque Terre\",\"isPartOf\":{\"@id\":\"https:\/\/www.visitcinqueterre.eu\/fr\/#website\"},\"primaryImageOfPage\":{\"@id\":\"https:\/\/www.visitcinqueterre.eu\/fr\/2022\/08\/02\/trekking-evitez-les-heures-les-plus-chaudes\/#primaryimage\"},\"image\":{\"@id\":\"https:\/\/www.visitcinqueterre.eu\/fr\/2022\/08\/02\/trekking-evitez-les-heures-les-plus-chaudes\/#primaryimage\"},\"thumbnailUrl\":\"https:\/\/www.visitcinqueterre.eu\/wp-content\/uploads\/2022\/08\/296730107_10159063472372099_3324713425471085241_n-1.jpeg\",\"datePublished\":\"2022-08-02T07:29:07+00:00\",\"dateModified\":\"2022-08-02T07:29:08+00:00\",\"author\":{\"@id\":\"https:\/\/www.visitcinqueterre.eu\/fr\/#\/schema\/person\/75cb69c5e04ede54e5609fbb0ea0fe2e\"},\"description\":\"le parc Cinque Terre lance un appel \u00e0 tous ceux qui veulent parcourir nos merveilleux sentiers.\",\"breadcrumb\":{\"@id\":\"https:\/\/www.visitcinqueterre.eu\/fr\/2022\/08\/02\/trekking-evitez-les-heures-les-plus-chaudes\/#breadcrumb\"},\"inLanguage\":\"fr-FR\",\"potentialAction\":[{\"@type\":\"ReadAction\",\"target\":[\"https:\/\/www.visitcinqueterre.eu\/fr\/2022\/08\/02\/trekking-evitez-les-heures-les-plus-chaudes\/\"]}]},{\"@type\":\"ImageObject\",\"inLanguage\":\"fr-FR\",\"@id\":\"https:\/\/www.visitcinqueterre.eu\/fr\/2022\/08\/02\/trekking-evitez-les-heures-les-plus-chaudes\/#primaryimage\",\"url\":\"https:\/\/www.visitcinqueterre.eu\/wp-content\/uploads\/2022\/08\/296730107_10159063472372099_3324713425471085241_n-1.jpeg\",\"contentUrl\":\"https:\/\/www.visitcinqueterre.eu\/wp-content\/uploads\/2022\/08\/296730107_10159063472372099_3324713425471085241_n-1.jpeg\",\"width\":960,\"height\":960},{\"@type\":\"BreadcrumbList\",\"@id\":\"https:\/\/www.visitcinqueterre.eu\/fr\/2022\/08\/02\/trekking-evitez-les-heures-les-plus-chaudes\/#breadcrumb\",\"itemListElement\":[{\"@type\":\"ListItem\",\"position\":1,\"name\":\"Home\",\"item\":\"https:\/\/www.visitcinqueterre.eu\/fr\/\"},{\"@type\":\"ListItem\",\"position\":2,\"name\":\"Trekking : \u00e9vitez les heures les plus chaudes\"}]},{\"@type\":\"WebSite\",\"@id\":\"https:\/\/www.visitcinqueterre.eu\/fr\/#website\",\"url\":\"https:\/\/www.visitcinqueterre.eu\/fr\/\",\"name\":\"Visit Cinque Terre\",\"description\":\"Portale turistico delle Cinque Terre\",\"potentialAction\":[{\"@type\":\"SearchAction\",\"target\":{\"@type\":\"EntryPoint\",\"urlTemplate\":\"https:\/\/www.visitcinqueterre.eu\/fr\/?s={search_term_string}\"},\"query-input\":{\"@type\":\"PropertyValueSpecification\",\"valueRequired\":true,\"valueName\":\"search_term_string\"}}],\"inLanguage\":\"fr-FR\"},{\"@type\":\"Person\",\"@id\":\"https:\/\/www.visitcinqueterre.eu\/fr\/#\/schema\/person\/75cb69c5e04ede54e5609fbb0ea0fe2e\",\"name\":\"Viola\",\"image\":{\"@type\":\"ImageObject\",\"inLanguage\":\"fr-FR\",\"@id\":\"https:\/\/www.visitcinqueterre.eu\/fr\/#\/schema\/person\/image\/\",\"url\":\"https:\/\/secure.gravatar.com\/avatar\/fa7732a0077baff634f4fa3b493e3caed086c7d10107717148b00aa938a712f1?s=96&d=mm&r=g\",\"contentUrl\":\"https:\/\/secure.gravatar.com\/avatar\/fa7732a0077baff634f4fa3b493e3caed086c7d10107717148b00aa938a712f1?s=96&d=mm&r=g\",\"caption\":\"Viola\"},\"url\":\"https:\/\/www.visitcinqueterre.eu\/fr\/author\/viola-casavecchia\/\"}]}<\/script>\n<!-- \/ Yoast SEO plugin. -->","yoast_head_json":{"title":"Trekking : \u00e9vitez les heures les plus chaudes - Visit Cinque Terre","description":"le parc Cinque Terre lance un appel \u00e0 tous ceux qui veulent parcourir nos merveilleux sentiers.","robots":{"index":"index","follow":"follow","max-snippet":"max-snippet:-1","max-image-preview":"max-image-preview:large","max-video-preview":"max-video-preview:-1"},"canonical":"https:\/\/www.visitcinqueterre.eu\/fr\/2022\/08\/02\/trekking-evitez-les-heures-les-plus-chaudes\/","og_locale":"fr_FR","og_type":"article","og_title":"Trekking : \u00e9vitez les heures les plus chaudes - Visit Cinque Terre","og_description":"le parc Cinque Terre lance un appel \u00e0 tous ceux qui veulent parcourir nos merveilleux sentiers.","og_url":"https:\/\/www.visitcinqueterre.eu\/fr\/2022\/08\/02\/trekking-evitez-les-heures-les-plus-chaudes\/","og_site_name":"Visit Cinque Terre","article_published_time":"2022-08-02T07:29:07+00:00","article_modified_time":"2022-08-02T07:29:08+00:00","og_image":[{"width":960,"height":960,"url":"https:\/\/www.visitcinqueterre.eu\/wp-content\/uploads\/2022\/08\/296730107_10159063472372099_3324713425471085241_n-1.jpeg","type":"image\/jpeg"}],"author":"Viola","twitter_card":"summary_large_image","twitter_misc":{"\u00c9crit par":"Viola"},"schema":{"@context":"https:\/\/schema.org","@graph":[{"@type":"WebPage","@id":"https:\/\/www.visitcinqueterre.eu\/fr\/2022\/08\/02\/trekking-evitez-les-heures-les-plus-chaudes\/","url":"https:\/\/www.visitcinqueterre.eu\/fr\/2022\/08\/02\/trekking-evitez-les-heures-les-plus-chaudes\/","name":"Trekking : \u00e9vitez les heures les plus chaudes - Visit Cinque Terre","isPartOf":{"@id":"https:\/\/www.visitcinqueterre.eu\/fr\/#website"},"primaryImageOfPage":{"@id":"https:\/\/www.visitcinqueterre.eu\/fr\/2022\/08\/02\/trekking-evitez-les-heures-les-plus-chaudes\/#primaryimage"},"image":{"@id":"https:\/\/www.visitcinqueterre.eu\/fr\/2022\/08\/02\/trekking-evitez-les-heures-les-plus-chaudes\/#primaryimage"},"thumbnailUrl":"https:\/\/www.visitcinqueterre.eu\/wp-content\/uploads\/2022\/08\/296730107_10159063472372099_3324713425471085241_n-1.jpeg","datePublished":"2022-08-02T07:29:07+00:00","dateModified":"2022-08-02T07:29:08+00:00","author":{"@id":"https:\/\/www.visitcinqueterre.eu\/fr\/#\/schema\/person\/75cb69c5e04ede54e5609fbb0ea0fe2e"},"description":"le parc Cinque Terre lance un appel \u00e0 tous ceux qui veulent parcourir nos merveilleux sentiers.","breadcrumb":{"@id":"https:\/\/www.visitcinqueterre.eu\/fr\/2022\/08\/02\/trekking-evitez-les-heures-les-plus-chaudes\/#breadcrumb"},"inLanguage":"fr-FR","potentialAction":[{"@type":"ReadAction","target":["https:\/\/www.visitcinqueterre.eu\/fr\/2022\/08\/02\/trekking-evitez-les-heures-les-plus-chaudes\/"]}]},{"@type":"ImageObject","inLanguage":"fr-FR","@id":"https:\/\/www.visitcinqueterre.eu\/fr\/2022\/08\/02\/trekking-evitez-les-heures-les-plus-chaudes\/#primaryimage","url":"https:\/\/www.visitcinqueterre.eu\/wp-content\/uploads\/2022\/08\/296730107_10159063472372099_3324713425471085241_n-1.jpeg","contentUrl":"https:\/\/www.visitcinqueterre.eu\/wp-content\/uploads\/2022\/08\/296730107_10159063472372099_3324713425471085241_n-1.jpeg","width":960,"height":960},{"@type":"BreadcrumbList","@id":"https:\/\/www.visitcinqueterre.eu\/fr\/2022\/08\/02\/trekking-evitez-les-heures-les-plus-chaudes\/#breadcrumb","itemListElement":[{"@type":"ListItem","position":1,"name":"Home","item":"https:\/\/www.visitcinqueterre.eu\/fr\/"},{"@type":"ListItem","position":2,"name":"Trekking : \u00e9vitez les heures les plus chaudes"}]},{"@type":"WebSite","@id":"https:\/\/www.visitcinqueterre.eu\/fr\/#website","url":"https:\/\/www.visitcinqueterre.eu\/fr\/","name":"Visit Cinque Terre","description":"Portale turistico delle Cinque Terre","potentialAction":[{"@type":"SearchAction","target":{"@type":"EntryPoint","urlTemplate":"https:\/\/www.visitcinqueterre.eu\/fr\/?s={search_term_string}"},"query-input":{"@type":"PropertyValueSpecification","valueRequired":true,"valueName":"search_term_string"}}],"inLanguage":"fr-FR"},{"@type":"Person","@id":"https:\/\/www.visitcinqueterre.eu\/fr\/#\/schema\/person\/75cb69c5e04ede54e5609fbb0ea0fe2e","name":"Viola","image":{"@type":"ImageObject","inLanguage":"fr-FR","@id":"https:\/\/www.visitcinqueterre.eu\/fr\/#\/schema\/person\/image\/","url":"https:\/\/secure.gravatar.com\/avatar\/fa7732a0077baff634f4fa3b493e3caed086c7d10107717148b00aa938a712f1?s=96&d=mm&r=g","contentUrl":"https:\/\/secure.gravatar.com\/avatar\/fa7732a0077baff634f4fa3b493e3caed086c7d10107717148b00aa938a712f1?s=96&d=mm&r=g","caption":"Viola"},"url":"https:\/\/www.visitcinqueterre.eu\/fr\/author\/viola-casavecchia\/"}]}},"_links":{"self":[{"href":"https:\/\/www.visitcinqueterre.eu\/fr\/wp-json\/wp\/v2\/posts\/5513","targetHints":{"allow":["GET"]}}],"collection":[{"href":"https:\/\/www.visitcinqueterre.eu\/fr\/wp-json\/wp\/v2\/posts"}],"about":[{"href":"https:\/\/www.visitcinqueterre.eu\/fr\/wp-json\/wp\/v2\/types\/post"}],"author":[{"embeddable":true,"href":"https:\/\/www.visitcinqueterre.eu\/fr\/wp-json\/wp\/v2\/users\/5"}],"replies":[{"embeddable":true,"href":"https:\/\/www.visitcinqueterre.eu\/fr\/wp-json\/wp\/v2\/comments?post=5513"}],"version-history":[{"count":1,"href":"https:\/\/www.visitcinqueterre.eu\/fr\/wp-json\/wp\/v2\/posts\/5513\/revisions"}],"predecessor-version":[{"id":5514,"href":"https:\/\/www.visitcinqueterre.eu\/fr\/wp-json\/wp\/v2\/posts\/5513\/revisions\/5514"}],"wp:featuredmedia":[{"embeddable":true,"href":"https:\/\/www.visitcinqueterre.eu\/fr\/wp-json\/wp\/v2\/media\/5496"}],"wp:attachment":[{"href":"https:\/\/www.visitcinqueterre.eu\/fr\/wp-json\/wp\/v2\/media?parent=5513"}],"wp:term":[{"taxonomy":"category","embeddable":true,"href":"https:\/\/www.visitcinqueterre.eu\/fr\/wp-json\/wp\/v2\/categories?post=5513"},{"taxonomy":"post_tag","embeddable":true,"href":"https:\/\/www.visitcinqueterre.eu\/fr\/wp-json\/wp\/v2\/tags?post=5513"}],"curies":[{"name":"wp","href":"https:\/\/api.w.org\/{rel}","templated":true}]}}